{"id":31034,"date":"2024-12-03T09:45:06","date_gmt":"2024-12-03T12:45:06","guid":{"rendered":"https:\/\/radiostudiow.com.br\/site\/?p=31034"},"modified":"2025-01-31T14:58:09","modified_gmt":"2025-01-31T17:58:09","slug":"homem-ameaca-familiares-e-acaba-morto-pela-policia-em-uniao-da-vitoria","status":"publish","type":"post","link":"https:\/\/radiostudiow.com.br\/site\/2024\/12\/03\/homem-ameaca-familiares-e-acaba-morto-pela-policia-em-uniao-da-vitoria\/","title":{"rendered":"Homem amea\u00e7a familiares e acaba morto pela pol\u00edcia em Uni\u00e3o da Vit\u00f3ria"},"content":{"rendered":"\n<p>A equipe da Pol\u00edcia Militar de Uni\u00e3o da Vit\u00f3ria foi acionada para atender uma grave ocorr\u00eancia de viol\u00eancia dom\u00e9stica e familiar no bairro Rio D\u2019 Areia na noite deste s\u00e1bado (30).<\/p>\n\n\n\n<p>De acordo com o solicitante, um homem estava atacando sua convivente. Ao chegar ao local, a confirma\u00e7\u00e3o dos fatos. Inclusive a v\u00edtima, estava com sinais de agress\u00e3o.<\/p>\n\n\n\n<p>Durante a abordagem, os policiais se depararam com o suspeito em surto, empunhando uma foice e amea\u00e7ando tanto os moradores quanto os pr\u00f3prios policiais.&nbsp;<\/p>\n\n\n\n<figure class=\"wp-block-image size-full\"><img loading=\"lazy\" decoding=\"async\" width=\"598\" height=\"204\" src=\"https:\/\/radiostudiow.com.br\/site\/wp-content\/uploads\/2024\/10\/labirati.png\" alt=\"\" class=\"wp-image-28854\" srcset=\"https:\/\/radiostudiow.com.br\/site\/wp-content\/uploads\/2024\/10\/labirati.png 598w, https:\/\/radiostudiow.com.br\/site\/wp-content\/uploads\/2024\/10\/labirati-300x102.png 300w\" sizes=\"auto, (max-width: 598px) 100vw, 598px\" \/><\/figure>\n\n\n\n<p>Apesar do esfor\u00e7o da equipe para enganar o indiv\u00edduo, ele avan\u00e7ou com a arma branca, colocando em risco a integridade f\u00edsica de todos os presentes.&nbsp;Diante da situa\u00e7\u00e3o, os policiais realizaram disparos para conter a amea\u00e7a.<\/p>\n\n\n\n<p>O homem n\u00e3o resistiu aos ferimentos, e o \u00f3bito foi confirmado pela equipe do SAMU.<\/p>\n\n\n\n<p>A arma utilizada pelo suspeito foi apreendida, e os \u00f3rg\u00e3os competentes foram acionados para dar prosseguimento aos tr\u00e2mites legais.<\/p>\n","protected":false},"excerpt":{"rendered":"<p>A equipe da Pol\u00edcia Militar de Uni\u00e3o da Vit\u00f3ria foi acionada para atender uma grave ocorr\u00eancia de viol\u00eancia dom\u00e9stica e familiar no bairro Rio D\u2019 Areia na noite deste s\u00e1bado (30). De acordo com o solicitante, um homem estava atacando sua convivente. Ao chegar ao local, a confirma\u00e7\u00e3o dos fatos. Inclusive a v\u00edtima, estava com [&hellip;]<\/p>\n","protected":false},"author":2,"featured_media":19964,"comment_status":"open","ping_status":"open","sticky":false,"template":"","format":"standard","meta":{"footnotes":""},"categories":[2],"tags":[172],"class_list":["post-31034","post","type-post","status-publish","format-standard","has-post-thumbnail","hentry","category-policial","tag-featured"],"amp_enabled":true,"_links":{"self":[{"href":"https:\/\/radiostudiow.com.br\/site\/wp-json\/wp\/v2\/posts\/31034","targetHints":{"allow":["GET"]}}],"collection":[{"href":"https:\/\/radiostudiow.com.br\/site\/wp-json\/wp\/v2\/posts"}],"about":[{"href":"https:\/\/radiostudiow.com.br\/site\/wp-json\/wp\/v2\/types\/post"}],"author":[{"embeddable":true,"href":"https:\/\/radiostudiow.com.br\/site\/wp-json\/wp\/v2\/users\/2"}],"replies":[{"embeddable":true,"href":"https:\/\/radiostudiow.com.br\/site\/wp-json\/wp\/v2\/comments?post=31034"}],"version-history":[{"count":2,"href":"https:\/\/radiostudiow.com.br\/site\/wp-json\/wp\/v2\/posts\/31034\/revisions"}],"predecessor-version":[{"id":31066,"href":"https:\/\/radiostudiow.com.br\/site\/wp-json\/wp\/v2\/posts\/31034\/revisions\/31066"}],"wp:featuredmedia":[{"embeddable":true,"href":"https:\/\/radiostudiow.com.br\/site\/wp-json\/wp\/v2\/media\/19964"}],"wp:attachment":[{"href":"https:\/\/radiostudiow.com.br\/site\/wp-json\/wp\/v2\/media?parent=31034"}],"wp:term":[{"taxonomy":"category","embeddable":true,"href":"https:\/\/radiostudiow.com.br\/site\/wp-json\/wp\/v2\/categories?post=31034"},{"taxonomy":"post_tag","embeddable":true,"href":"https:\/\/radiostudiow.com.br\/site\/wp-json\/wp\/v2\/tags?post=31034"}],"curies":[{"name":"wp","href":"https:\/\/api.w.org\/{rel}","templated":true}]}}