{"id":31067,"date":"2024-12-03T09:47:00","date_gmt":"2024-12-03T12:47:00","guid":{"rendered":"https:\/\/radiostudiow.com.br\/site\/?p=31067"},"modified":"2025-01-31T14:58:09","modified_gmt":"2025-01-31T17:58:09","slug":"policia-militar-realiza-operacao-de-fiscalizacao-em-reboucas-rio-azul-e-guamiranga","status":"publish","type":"post","link":"https:\/\/radiostudiow.com.br\/site\/2024\/12\/03\/policia-militar-realiza-operacao-de-fiscalizacao-em-reboucas-rio-azul-e-guamiranga\/","title":{"rendered":"Pol\u00edcia Militar realiza opera\u00e7\u00e3o de fiscaliza\u00e7\u00e3o em Rebou\u00e7as, Rio Azul e Guamiranga"},"content":{"rendered":"\n<p>A equipe da Pol\u00edcia Militar realizou a A\u00e7\u00e3o Integrada de Fiscaliza\u00e7\u00e3o Urbana (AIFU) na noite de s\u00e1bado (30), em diversos estabelecimentos e pessoas em Rebou\u00e7as, Rio Azul e Guamiranga. Opera\u00e7\u00e3o contou com apoio das equipes da Vigil\u00e2ncia Sanit\u00e1ria e dos departamentos de tributa\u00e7\u00e3o das prefeituras\/Paulo Sava, com informa\u00e7\u00f5es da Pol\u00edcia Militar.<\/p>\n\n\n\n<div class=\"wp-block-media-text is-stacked-on-mobile\"><figure class=\"wp-block-media-text__media\"><img decoding=\"async\" src=\"https:\/\/radiostudiow.com.br\/site\/wp-content\/uploads\/2024\/11\/image-63-1024x1024.png\" alt=\"\" class=\"wp-image-30211 size-full\"\/><\/figure><div class=\"wp-block-media-text__content\">\n<p>AFUBRA IRATI: \ud83d\udcde(42) 3421-1700<br>\ud83d\udccd Rua Coronel Emilio Gomes, 399, Centro &#8211; Irati &#8211; PR<\/p>\n\n\n\n<p>AFUBRA IMBITUVA: \ud83d\udcde(42) 3436-84003<br>\ud83d\udccd RUA Jacobe Brener, 830 &#8211; Centro, Imbituva &#8211; PR<\/p>\n\n\n\n<p><a href=\"https:\/\/www.lojasafubra.com.br\">https:\/\/www.lojasafubra.com.br<\/a><\/p>\n<\/div><\/div>\n\n\n\n<p>Em Rebou\u00e7as, foram abordados seis estabelecimentos, 38 pessoas e seis autom\u00f3veis. Em Rio Azul, houve abordagem em quatro estabelecimentos comerciais e 28 pessoas, mas nada de il\u00edcito foi encontrado.<\/p>\n\n\n\n<p>J\u00e1 em Guamiranga, foram abordadas 20 pessoas, cinco carros e uma motocicleta. Equipes da Vigil\u00e2ncia Sanit\u00e1ria e dos departamentos de tributa\u00e7\u00e3o das prefeituras municipais acompanharam a opera\u00e7\u00e3o.<\/p>\n\n\n\n<figure class=\"wp-block-image size-large\"><img loading=\"lazy\" decoding=\"async\" width=\"1024\" height=\"540\" src=\"https:\/\/radiostudiow.com.br\/site\/wp-content\/uploads\/2024\/12\/02-1-1024x540.jpg\" alt=\"\" class=\"wp-image-31069\" srcset=\"https:\/\/radiostudiow.com.br\/site\/wp-content\/uploads\/2024\/12\/02-1-1024x540.jpg 1024w, https:\/\/radiostudiow.com.br\/site\/wp-content\/uploads\/2024\/12\/02-1-300x158.jpg 300w, https:\/\/radiostudiow.com.br\/site\/wp-content\/uploads\/2024\/12\/02-1-768x405.jpg 768w, https:\/\/radiostudiow.com.br\/site\/wp-content\/uploads\/2024\/12\/02-1-1536x809.jpg 1536w, https:\/\/radiostudiow.com.br\/site\/wp-content\/uploads\/2024\/12\/02-1.jpg 1600w\" sizes=\"auto, (max-width: 1024px) 100vw, 1024px\" \/><\/figure>\n","protected":false},"excerpt":{"rendered":"<p>A equipe da Pol\u00edcia Militar realizou a A\u00e7\u00e3o Integrada de Fiscaliza\u00e7\u00e3o Urbana (AIFU) na noite de s\u00e1bado (30), em diversos estabelecimentos e pessoas em Rebou\u00e7as, Rio Azul e Guamiranga. Opera\u00e7\u00e3o contou com apoio das equipes da Vigil\u00e2ncia Sanit\u00e1ria e dos departamentos de tributa\u00e7\u00e3o das prefeituras\/Paulo Sava, com informa\u00e7\u00f5es da Pol\u00edcia Militar. AFUBRA IRATI: \ud83d\udcde(42) 3421-1700\ud83d\udccd [&hellip;]<\/p>\n","protected":false},"author":2,"featured_media":31068,"comment_status":"open","ping_status":"open","sticky":false,"template":"","format":"standard","meta":{"footnotes":""},"categories":[2],"tags":[172],"class_list":["post-31067","post","type-post","status-publish","format-standard","has-post-thumbnail","hentry","category-policial","tag-featured"],"amp_enabled":true,"_links":{"self":[{"href":"https:\/\/radiostudiow.com.br\/site\/wp-json\/wp\/v2\/posts\/31067","targetHints":{"allow":["GET"]}}],"collection":[{"href":"https:\/\/radiostudiow.com.br\/site\/wp-json\/wp\/v2\/posts"}],"about":[{"href":"https:\/\/radiostudiow.com.br\/site\/wp-json\/wp\/v2\/types\/post"}],"author":[{"embeddable":true,"href":"https:\/\/radiostudiow.com.br\/site\/wp-json\/wp\/v2\/users\/2"}],"replies":[{"embeddable":true,"href":"https:\/\/radiostudiow.com.br\/site\/wp-json\/wp\/v2\/comments?post=31067"}],"version-history":[{"count":1,"href":"https:\/\/radiostudiow.com.br\/site\/wp-json\/wp\/v2\/posts\/31067\/revisions"}],"predecessor-version":[{"id":31070,"href":"https:\/\/radiostudiow.com.br\/site\/wp-json\/wp\/v2\/posts\/31067\/revisions\/31070"}],"wp:featuredmedia":[{"embeddable":true,"href":"https:\/\/radiostudiow.com.br\/site\/wp-json\/wp\/v2\/media\/31068"}],"wp:attachment":[{"href":"https:\/\/radiostudiow.com.br\/site\/wp-json\/wp\/v2\/media?parent=31067"}],"wp:term":[{"taxonomy":"category","embeddable":true,"href":"https:\/\/radiostudiow.com.br\/site\/wp-json\/wp\/v2\/categories?post=31067"},{"taxonomy":"post_tag","embeddable":true,"href":"https:\/\/radiostudiow.com.br\/site\/wp-json\/wp\/v2\/tags?post=31067"}],"curies":[{"name":"wp","href":"https:\/\/api.w.org\/{rel}","templated":true}]}}