{"id":31080,"date":"2024-12-03T11:39:13","date_gmt":"2024-12-03T14:39:13","guid":{"rendered":"https:\/\/radiostudiow.com.br\/site\/?p=31080"},"modified":"2025-01-31T14:58:08","modified_gmt":"2025-01-31T17:58:08","slug":"tombamento-de-carreta-mobiliza-bombeiros-na-br-476","status":"publish","type":"post","link":"https:\/\/radiostudiow.com.br\/site\/2024\/12\/03\/tombamento-de-carreta-mobiliza-bombeiros-na-br-476\/","title":{"rendered":"Tombamento de carreta mobiliza bombeiros na BR-476"},"content":{"rendered":"\n<p>Uma carreta Mercedes-Benz com placas de Ca\u00e7ador tombou na BR-476, pr\u00f3ximo ao trevo de acesso a Paulo Frontin.\u00a0O ve\u00edculo transportava produtos de vestu\u00e1rio embalados em caixas de papel\u00e3o por volta das 2h30 da madrugada desta ter\u00e7a-feira (03). <\/p>\n\n\n\n<figure class=\"wp-block-image size-full\"><img loading=\"lazy\" decoding=\"async\" width=\"900\" height=\"408\" src=\"https:\/\/radiostudiow.com.br\/site\/wp-content\/uploads\/2024\/09\/image-64-1.png\" alt=\"\" class=\"wp-image-28207\" srcset=\"https:\/\/radiostudiow.com.br\/site\/wp-content\/uploads\/2024\/09\/image-64-1.png 900w, https:\/\/radiostudiow.com.br\/site\/wp-content\/uploads\/2024\/09\/image-64-1-300x136.png 300w, https:\/\/radiostudiow.com.br\/site\/wp-content\/uploads\/2024\/09\/image-64-1-768x348.png 768w\" sizes=\"auto, (max-width: 900px) 100vw, 900px\" \/><\/figure>\n\n\n\n<p>O Corpo de Bombeiros de Uni\u00e3o da Vit\u00f3ria atendeu a ocorr\u00eancia e encontrou o condutor, um homem de 46 anos, consciente e orientado, caminhando \u00e0s margens da rodovia, apresentando apenas escoria\u00e7\u00f5es nas m\u00e3os.\u00a0Ap\u00f3s o atendimento inicial, ele recusou encaminhamento ao hospital.<\/p>\n\n\n\n<p>O tombamento resultou em um pequeno derramamento de diesel. A transportadora ficou respons\u00e1vel pela coleta e destina\u00e7\u00e3o adequada do res\u00edduo. A Pol\u00edcia Rodovi\u00e1ria Federal assumiu os cuidados no local para as provid\u00eancias necess\u00e1rias.<\/p>\n\n\n\n<figure class=\"wp-block-video\"><video controls src=\"https:\/\/radiostudiow.com.br\/site\/wp-content\/uploads\/2024\/12\/WhatsApp-Video-2024-12-03-at-08.51.02.mp4\"><\/video><\/figure>\n","protected":false},"excerpt":{"rendered":"<p>Uma carreta Mercedes-Benz com placas de Ca\u00e7ador tombou na BR-476, pr\u00f3ximo ao trevo de acesso a Paulo Frontin.\u00a0O ve\u00edculo transportava produtos de vestu\u00e1rio embalados em caixas de papel\u00e3o por volta das 2h30 da madrugada desta ter\u00e7a-feira (03). O Corpo de Bombeiros de Uni\u00e3o da Vit\u00f3ria atendeu a ocorr\u00eancia e encontrou o condutor, um homem de [&hellip;]<\/p>\n","protected":false},"author":2,"featured_media":31081,"comment_status":"open","ping_status":"open","sticky":false,"template":"","format":"standard","meta":{"footnotes":""},"categories":[185],"tags":[172],"class_list":["post-31080","post","type-post","status-publish","format-standard","has-post-thumbnail","hentry","category-regional","tag-featured"],"amp_enabled":true,"_links":{"self":[{"href":"https:\/\/radiostudiow.com.br\/site\/wp-json\/wp\/v2\/posts\/31080","targetHints":{"allow":["GET"]}}],"collection":[{"href":"https:\/\/radiostudiow.com.br\/site\/wp-json\/wp\/v2\/posts"}],"about":[{"href":"https:\/\/radiostudiow.com.br\/site\/wp-json\/wp\/v2\/types\/post"}],"author":[{"embeddable":true,"href":"https:\/\/radiostudiow.com.br\/site\/wp-json\/wp\/v2\/users\/2"}],"replies":[{"embeddable":true,"href":"https:\/\/radiostudiow.com.br\/site\/wp-json\/wp\/v2\/comments?post=31080"}],"version-history":[{"count":1,"href":"https:\/\/radiostudiow.com.br\/site\/wp-json\/wp\/v2\/posts\/31080\/revisions"}],"predecessor-version":[{"id":31083,"href":"https:\/\/radiostudiow.com.br\/site\/wp-json\/wp\/v2\/posts\/31080\/revisions\/31083"}],"wp:featuredmedia":[{"embeddable":true,"href":"https:\/\/radiostudiow.com.br\/site\/wp-json\/wp\/v2\/media\/31081"}],"wp:attachment":[{"href":"https:\/\/radiostudiow.com.br\/site\/wp-json\/wp\/v2\/media?parent=31080"}],"wp:term":[{"taxonomy":"category","embeddable":true,"href":"https:\/\/radiostudiow.com.br\/site\/wp-json\/wp\/v2\/categories?post=31080"},{"taxonomy":"post_tag","embeddable":true,"href":"https:\/\/radiostudiow.com.br\/site\/wp-json\/wp\/v2\/tags?post=31080"}],"curies":[{"name":"wp","href":"https:\/\/api.w.org\/{rel}","templated":true}]}}