{"id":31084,"date":"2024-12-03T11:44:06","date_gmt":"2024-12-03T14:44:06","guid":{"rendered":"https:\/\/radiostudiow.com.br\/site\/?p=31084"},"modified":"2025-01-31T14:58:08","modified_gmt":"2025-01-31T17:58:08","slug":"policial-penal-morre-em-grave-acidente-na-br-277-em-irati","status":"publish","type":"post","link":"https:\/\/radiostudiow.com.br\/site\/2024\/12\/03\/policial-penal-morre-em-grave-acidente-na-br-277-em-irati\/","title":{"rendered":"Policial penal morre em grave acidente na BR-277 em Irati"},"content":{"rendered":"\n<p><em>Ele conduzia uma viatura da corpora\u00e7\u00e3o no momento em que perdeu o controle da dire\u00e7\u00e3o do ve\u00edculo, que capotou. Policial tinha 46 anos e atuava em Foz do Igua\u00e7u<\/em><\/p>\n\n\n\n<figure class=\"wp-block-image size-full\"><img loading=\"lazy\" decoding=\"async\" width=\"897\" height=\"204\" src=\"https:\/\/radiostudiow.com.br\/site\/wp-content\/uploads\/2024\/11\/image-49.png\" alt=\"\" class=\"wp-image-30017\" srcset=\"https:\/\/radiostudiow.com.br\/site\/wp-content\/uploads\/2024\/11\/image-49.png 897w, https:\/\/radiostudiow.com.br\/site\/wp-content\/uploads\/2024\/11\/image-49-300x68.png 300w, https:\/\/radiostudiow.com.br\/site\/wp-content\/uploads\/2024\/11\/image-49-768x175.png 768w\" sizes=\"auto, (max-width: 897px) 100vw, 897px\" \/><\/figure>\n\n\n\n<p>O diretor da Penitenci\u00e1ria de Foz do Igua\u00e7u II, Marcos Guerra, de 46 anos, morreu ap\u00f3s um acidente na BR-277, em Irati, na tarde desta segunda-feira. Ele conduzia uma caminhonete L200 (viatura da Pol\u00edcia Penal do Paran\u00e1), que saiu da pista e capotou no quil\u00f4metro 257 da rodovia, conforme a Pol\u00edcia Rodovi\u00e1ria Federal (PRF).<\/p>\n\n\n\n<p>O passageiro, que tamb\u00e9m tem 46 anos, sofreu ferimentos leves e foi encaminhado ao Pronto Atendimento de Irati. Os dois policiais penais atuavam em Foz do Igua\u00e7u e se deslocavam sentido Curitiba.<\/p>\n\n\n\n<p>Marcos trabalhava na Regional Administrativa de Foz do Igua\u00e7u. Ele trabalhou 18 anos nessa atividade e deixou a esposa e os filhos. Em nota, a Pol\u00edcia Penal do Paran\u00e1 prestou condol\u00eancias \u00e0 fam\u00edlia e amigos de Marcos. N\u00e3o houve necessidade de interditar a rodovia em fun\u00e7\u00e3o do acidente.<\/p>\n\n\n\n<figure class=\"wp-block-image size-full\"><img loading=\"lazy\" decoding=\"async\" width=\"768\" height=\"591\" src=\"https:\/\/radiostudiow.com.br\/site\/wp-content\/uploads\/2024\/12\/image-9.png\" alt=\"\" class=\"wp-image-31086\" srcset=\"https:\/\/radiostudiow.com.br\/site\/wp-content\/uploads\/2024\/12\/image-9.png 768w, https:\/\/radiostudiow.com.br\/site\/wp-content\/uploads\/2024\/12\/image-9-300x231.png 300w\" sizes=\"auto, (max-width: 768px) 100vw, 768px\" \/><figcaption class=\"wp-element-caption\">Carro conduzido pelo policial penal Marcos Guerra capotou na BR-277, em Irati. Foto: Redes Sociais\/Divulga\u00e7\u00e3o<br><\/figcaption><\/figure>\n","protected":false},"excerpt":{"rendered":"<p>Ele conduzia uma viatura da corpora\u00e7\u00e3o no momento em que perdeu o controle da dire\u00e7\u00e3o do ve\u00edculo, que capotou. Policial tinha 46 anos e atuava em Foz do Igua\u00e7u O diretor da Penitenci\u00e1ria de Foz do Igua\u00e7u II, Marcos Guerra, de 46 anos, morreu ap\u00f3s um acidente na BR-277, em Irati, na tarde desta segunda-feira. [&hellip;]<\/p>\n","protected":false},"author":2,"featured_media":31085,"comment_status":"open","ping_status":"open","sticky":false,"template":"","format":"standard","meta":{"footnotes":""},"categories":[185],"tags":[172],"class_list":["post-31084","post","type-post","status-publish","format-standard","has-post-thumbnail","hentry","category-regional","tag-featured"],"amp_enabled":true,"_links":{"self":[{"href":"https:\/\/radiostudiow.com.br\/site\/wp-json\/wp\/v2\/posts\/31084","targetHints":{"allow":["GET"]}}],"collection":[{"href":"https:\/\/radiostudiow.com.br\/site\/wp-json\/wp\/v2\/posts"}],"about":[{"href":"https:\/\/radiostudiow.com.br\/site\/wp-json\/wp\/v2\/types\/post"}],"author":[{"embeddable":true,"href":"https:\/\/radiostudiow.com.br\/site\/wp-json\/wp\/v2\/users\/2"}],"replies":[{"embeddable":true,"href":"https:\/\/radiostudiow.com.br\/site\/wp-json\/wp\/v2\/comments?post=31084"}],"version-history":[{"count":1,"href":"https:\/\/radiostudiow.com.br\/site\/wp-json\/wp\/v2\/posts\/31084\/revisions"}],"predecessor-version":[{"id":31087,"href":"https:\/\/radiostudiow.com.br\/site\/wp-json\/wp\/v2\/posts\/31084\/revisions\/31087"}],"wp:featuredmedia":[{"embeddable":true,"href":"https:\/\/radiostudiow.com.br\/site\/wp-json\/wp\/v2\/media\/31085"}],"wp:attachment":[{"href":"https:\/\/radiostudiow.com.br\/site\/wp-json\/wp\/v2\/media?parent=31084"}],"wp:term":[{"taxonomy":"category","embeddable":true,"href":"https:\/\/radiostudiow.com.br\/site\/wp-json\/wp\/v2\/categories?post=31084"},{"taxonomy":"post_tag","embeddable":true,"href":"https:\/\/radiostudiow.com.br\/site\/wp-json\/wp\/v2\/tags?post=31084"}],"curies":[{"name":"wp","href":"https:\/\/api.w.org\/{rel}","templated":true}]}}