{"id":31088,"date":"2024-12-03T11:56:05","date_gmt":"2024-12-03T14:56:05","guid":{"rendered":"https:\/\/radiostudiow.com.br\/site\/?p=31088"},"modified":"2025-01-31T14:58:08","modified_gmt":"2025-01-31T17:58:08","slug":"acidente-envolvendo-trem-e-carreta-interdita-br-153-entre-imbituva-e-irati","status":"publish","type":"post","link":"https:\/\/radiostudiow.com.br\/site\/2024\/12\/03\/acidente-envolvendo-trem-e-carreta-interdita-br-153-entre-imbituva-e-irati\/","title":{"rendered":"Acidente envolvendo trem e carreta interdita BR-153 entre Imbituva e Irati"},"content":{"rendered":"\n<p>No in\u00edcio da noite dessa segunda-feira, 02 de novembro, aconteceu um acidente envolvendo um trem e uma carreta na BR-153, entre os munic\u00edpios de Imbituva e Irati. Do acidente n\u00e3o teve feridos, apenas danos materiais.<\/p>\n\n\n\n<figure class=\"wp-block-image size-full\"><img loading=\"lazy\" decoding=\"async\" width=\"897\" height=\"204\" src=\"https:\/\/radiostudiow.com.br\/site\/wp-content\/uploads\/2024\/04\/image-50.png\" alt=\"\" class=\"wp-image-21368\" srcset=\"https:\/\/radiostudiow.com.br\/site\/wp-content\/uploads\/2024\/04\/image-50.png 897w, https:\/\/radiostudiow.com.br\/site\/wp-content\/uploads\/2024\/04\/image-50-300x68.png 300w, https:\/\/radiostudiow.com.br\/site\/wp-content\/uploads\/2024\/04\/image-50-768x175.png 768w\" sizes=\"auto, (max-width: 897px) 100vw, 897px\" \/><\/figure>\n\n\n\n<p>A rodovia est\u00e1 totalmente interditada, o trem est\u00e1 bloqueado na pista. PRF est\u00e1 no local sinalizando e aguardando a chegada dos t\u00e9cnicos para fazerem a libera\u00e7\u00e3o do trem e liberarem a rodovia.<\/p>\n\n\n\n<figure class=\"wp-block-image size-full\"><img loading=\"lazy\" decoding=\"async\" width=\"1000\" height=\"1000\" src=\"https:\/\/radiostudiow.com.br\/site\/wp-content\/uploads\/2024\/12\/image-11.png\" alt=\"\" class=\"wp-image-31090\" srcset=\"https:\/\/radiostudiow.com.br\/site\/wp-content\/uploads\/2024\/12\/image-11.png 1000w, https:\/\/radiostudiow.com.br\/site\/wp-content\/uploads\/2024\/12\/image-11-300x300.png 300w, https:\/\/radiostudiow.com.br\/site\/wp-content\/uploads\/2024\/12\/image-11-768x768.png 768w, https:\/\/radiostudiow.com.br\/site\/wp-content\/uploads\/2024\/12\/image-11-80x80.png 80w\" sizes=\"auto, (max-width: 1000px) 100vw, 1000px\" \/><\/figure>\n\n\n\n<figure class=\"wp-block-image size-full\"><img loading=\"lazy\" decoding=\"async\" width=\"1000\" height=\"1000\" src=\"https:\/\/radiostudiow.com.br\/site\/wp-content\/uploads\/2024\/12\/image-12.png\" alt=\"\" class=\"wp-image-31091\" srcset=\"https:\/\/radiostudiow.com.br\/site\/wp-content\/uploads\/2024\/12\/image-12.png 1000w, https:\/\/radiostudiow.com.br\/site\/wp-content\/uploads\/2024\/12\/image-12-300x300.png 300w, https:\/\/radiostudiow.com.br\/site\/wp-content\/uploads\/2024\/12\/image-12-768x768.png 768w, https:\/\/radiostudiow.com.br\/site\/wp-content\/uploads\/2024\/12\/image-12-80x80.png 80w\" sizes=\"auto, (max-width: 1000px) 100vw, 1000px\" \/><\/figure>\n","protected":false},"excerpt":{"rendered":"<p>No in\u00edcio da noite dessa segunda-feira, 02 de novembro, aconteceu um acidente envolvendo um trem e uma carreta na BR-153, entre os munic\u00edpios de Imbituva e Irati. Do acidente n\u00e3o teve feridos, apenas danos materiais. A rodovia est\u00e1 totalmente interditada, o trem est\u00e1 bloqueado na pista. PRF est\u00e1 no local sinalizando e aguardando a chegada [&hellip;]<\/p>\n","protected":false},"author":2,"featured_media":31089,"comment_status":"open","ping_status":"open","sticky":false,"template":"","format":"standard","meta":{"footnotes":""},"categories":[185],"tags":[172],"class_list":["post-31088","post","type-post","status-publish","format-standard","has-post-thumbnail","hentry","category-regional","tag-featured"],"amp_enabled":true,"_links":{"self":[{"href":"https:\/\/radiostudiow.com.br\/site\/wp-json\/wp\/v2\/posts\/31088","targetHints":{"allow":["GET"]}}],"collection":[{"href":"https:\/\/radiostudiow.com.br\/site\/wp-json\/wp\/v2\/posts"}],"about":[{"href":"https:\/\/radiostudiow.com.br\/site\/wp-json\/wp\/v2\/types\/post"}],"author":[{"embeddable":true,"href":"https:\/\/radiostudiow.com.br\/site\/wp-json\/wp\/v2\/users\/2"}],"replies":[{"embeddable":true,"href":"https:\/\/radiostudiow.com.br\/site\/wp-json\/wp\/v2\/comments?post=31088"}],"version-history":[{"count":1,"href":"https:\/\/radiostudiow.com.br\/site\/wp-json\/wp\/v2\/posts\/31088\/revisions"}],"predecessor-version":[{"id":31092,"href":"https:\/\/radiostudiow.com.br\/site\/wp-json\/wp\/v2\/posts\/31088\/revisions\/31092"}],"wp:featuredmedia":[{"embeddable":true,"href":"https:\/\/radiostudiow.com.br\/site\/wp-json\/wp\/v2\/media\/31089"}],"wp:attachment":[{"href":"https:\/\/radiostudiow.com.br\/site\/wp-json\/wp\/v2\/media?parent=31088"}],"wp:term":[{"taxonomy":"category","embeddable":true,"href":"https:\/\/radiostudiow.com.br\/site\/wp-json\/wp\/v2\/categories?post=31088"},{"taxonomy":"post_tag","embeddable":true,"href":"https:\/\/radiostudiow.com.br\/site\/wp-json\/wp\/v2\/tags?post=31088"}],"curies":[{"name":"wp","href":"https:\/\/api.w.org\/{rel}","templated":true}]}}