{"id":31093,"date":"2024-12-03T11:58:51","date_gmt":"2024-12-03T14:58:51","guid":{"rendered":"https:\/\/radiostudiow.com.br\/site\/?p=31093"},"modified":"2025-01-31T14:58:08","modified_gmt":"2025-01-31T17:58:08","slug":"novo-projeto-de-lei-elimina-taxa-de-reteste-e-inicia-modernizacao-nos-exames-do-detran-pr","status":"publish","type":"post","link":"https:\/\/radiostudiow.com.br\/site\/2024\/12\/03\/novo-projeto-de-lei-elimina-taxa-de-reteste-e-inicia-modernizacao-nos-exames-do-detran-pr\/","title":{"rendered":"Novo projeto de lei elimina taxa de reteste e inicia moderniza\u00e7\u00e3o nos exames do Detran-PR"},"content":{"rendered":"\n<p>O projeto faz parte de um processo de moderniza\u00e7\u00e3o mais amplos na oferta de exames pelo \u00f3rg\u00e3o, com mais transpar\u00eancia e praticidade para os motoristas paranaenses.<\/p>\n\n\n\n<p>O Governo do Estado enviou para a Assembleia Legislativa nesta segunda-feira (2) um&nbsp;<a href=\"https:\/\/www.aen.pr.gov.br\/sites\/default\/arquivos_restritos\/files\/documento\/2024-12\/86_-_21.198.938-6_-_taxa_detran_reestruturacao_exames_de_saude_-_ass_1.pdf\" rel=\"noreferrer noopener\" target=\"_blank\"><strong>projeto de lei<\/strong><\/a>&nbsp;que prev\u00ea a elimina\u00e7\u00e3o das taxas de reteste de exames m\u00e9dicos e psicol\u00f3gicos do Detran-PR. O projeto faz parte de um processo de moderniza\u00e7\u00e3o na oferta de exames pelo \u00f3rg\u00e3o, com mais transpar\u00eancia e praticidade para os motoristas paranaenses.<\/p>\n\n\n\n<figure class=\"wp-block-image size-full\"><img loading=\"lazy\" decoding=\"async\" width=\"598\" height=\"204\" src=\"https:\/\/radiostudiow.com.br\/site\/wp-content\/uploads\/2024\/10\/labirati.png\" alt=\"\" class=\"wp-image-28854\" srcset=\"https:\/\/radiostudiow.com.br\/site\/wp-content\/uploads\/2024\/10\/labirati.png 598w, https:\/\/radiostudiow.com.br\/site\/wp-content\/uploads\/2024\/10\/labirati-300x102.png 300w\" sizes=\"auto, (max-width: 598px) 100vw, 598px\" \/><\/figure>\n\n\n\n<p>Com a reformula\u00e7\u00e3o, o Detran-PR vai ampliar a oferta de exames de sa\u00fade para mais munic\u00edpios, capilarizando o servi\u00e7o e dando mais conforto a quem precisa fazer os testes de sa\u00fade necess\u00e1rios para habilita\u00e7\u00e3o ou renova\u00e7\u00e3o da Carteira Nacional de Habilita\u00e7\u00e3o (CNH). As mudan\u00e7as tamb\u00e9m preveem que as consultas sejam marcadas por georreferenciamento, em cl\u00ednicas pr\u00f3ximas da localiza\u00e7\u00e3o do motorista.<\/p>\n\n\n\n<p>O projeto de lei tamb\u00e9m prop\u00f5e uma altera\u00e7\u00e3o nas taxas de alguns testes e exames, conforme tabelas de refer\u00eancia nacional. As taxas de testes e exames do Detran-PR n\u00e3o tinham mudan\u00e7a desde 2011.<\/p>\n\n\n\n<p><strong>RETESTE&nbsp;<\/strong>\u2013 O projeto prev\u00ea que os motoristas ficam isentos de uma nova cobran\u00e7a para casos de resultados inconclusivos de exames m\u00e9dicos, psicol\u00f3gicos e de aptid\u00e3o mental que demandem um retorno da pessoa \u00e0 cl\u00ednica. A isen\u00e7\u00e3o vai ser aplicada desde que o retorno aconte\u00e7a dentro do prazo de 30 dias corridos.<\/p>\n\n\n\n<p>\u201cN\u00f3s estamos mudando a presta\u00e7\u00e3o deste servi\u00e7o. Antes as pessoas iam na cl\u00ednica e esqueciam, por exemplo, os seus \u00f3culos e, por isso, tinham que voltar pagando uma nova taxa na mesma cl\u00ednica. Vamos mudar isso\u201d, explica o diretor-geral do Detran-PR, Adriano Furtado.<\/p>\n\n\n\n<figure class=\"wp-block-image size-full\"><img loading=\"lazy\" decoding=\"async\" width=\"900\" height=\"408\" src=\"https:\/\/radiostudiow.com.br\/site\/wp-content\/uploads\/2024\/09\/image-64-1.png\" alt=\"\" class=\"wp-image-28207\" srcset=\"https:\/\/radiostudiow.com.br\/site\/wp-content\/uploads\/2024\/09\/image-64-1.png 900w, https:\/\/radiostudiow.com.br\/site\/wp-content\/uploads\/2024\/09\/image-64-1-300x136.png 300w, https:\/\/radiostudiow.com.br\/site\/wp-content\/uploads\/2024\/09\/image-64-1-768x348.png 768w\" sizes=\"auto, (max-width: 900px) 100vw, 900px\" \/><\/figure>\n\n\n\n<p><strong>MODERNIZA\u00c7\u00c3O&nbsp;<\/strong>\u2013 Em paralelo \u00e0s propostas do projeto de lei, o Detran-PR tamb\u00e9m pretende iniciar um processo de moderniza\u00e7\u00e3o dos servi\u00e7os. Com a aprova\u00e7\u00e3o da proposta, o \u00f3rg\u00e3o planeja publicar um novo edital para credenciamento de cl\u00ednicas para exames de sa\u00fade.<\/p>\n\n\n\n<p>Com as mudan\u00e7as, cl\u00ednicas de todos os 399 munic\u00edpios poder\u00e3o se credenciar para a presta\u00e7\u00e3o dos servi\u00e7os. Atualmente, apenas cl\u00ednicas das cerca de 100 cidades que t\u00eam Ciretrans podem ofertar exames, o que gera, eventualmente, a necessidade da pessoa ter que viajar para um outro munic\u00edpio para realizar um teste psicol\u00f3gico ou de sa\u00fade.<\/p>\n\n\n\n<p>Isso tamb\u00e9m vai permitir que o Detran-PR coloque em pr\u00e1tica um sistema de distribui\u00e7\u00e3o dos exames baseado em georreferenciamento, levando em conta o endere\u00e7o indicado pelo motorista e das cl\u00ednicas. Com isso, sempre que uma pessoa precisar fazer um exame de sa\u00fade para renovar ou tirar a habilita\u00e7\u00e3o, o Detran-PR vai oferecer uma das cinco cl\u00ednicas mais pr\u00f3ximas a ele, poupando tempo e facilitando o acesso aos servi\u00e7os.<\/p>\n\n\n\n<p>A reformula\u00e7\u00e3o tamb\u00e9m prev\u00ea que sejam estabelecidos tempos de toler\u00e2ncia de 10 minutos para atrasos nos atendimentos, reduzindo conflitos e remarca\u00e7\u00f5es.<\/p>\n\n\n\n<p><em>Fonte:\u00a0AEN &#8211; Ag\u00eancia de Not\u00edcias do Paran\u00e1<\/em><\/p>\n","protected":false},"excerpt":{"rendered":"<p>O projeto faz parte de um processo de moderniza\u00e7\u00e3o mais amplos na oferta de exames pelo \u00f3rg\u00e3o, com mais transpar\u00eancia e praticidade para os motoristas paranaenses. O Governo do Estado enviou para a Assembleia Legislativa nesta segunda-feira (2) um&nbsp;projeto de lei&nbsp;que prev\u00ea a elimina\u00e7\u00e3o das taxas de reteste de exames m\u00e9dicos e psicol\u00f3gicos do Detran-PR. [&hellip;]<\/p>\n","protected":false},"author":2,"featured_media":31094,"comment_status":"open","ping_status":"open","sticky":false,"template":"","format":"standard","meta":{"footnotes":""},"categories":[7],"tags":[172],"class_list":["post-31093","post","type-post","status-publish","format-standard","has-post-thumbnail","hentry","category-geral","tag-featured"],"amp_enabled":true,"_links":{"self":[{"href":"https:\/\/radiostudiow.com.br\/site\/wp-json\/wp\/v2\/posts\/31093","targetHints":{"allow":["GET"]}}],"collection":[{"href":"https:\/\/radiostudiow.com.br\/site\/wp-json\/wp\/v2\/posts"}],"about":[{"href":"https:\/\/radiostudiow.com.br\/site\/wp-json\/wp\/v2\/types\/post"}],"author":[{"embeddable":true,"href":"https:\/\/radiostudiow.com.br\/site\/wp-json\/wp\/v2\/users\/2"}],"replies":[{"embeddable":true,"href":"https:\/\/radiostudiow.com.br\/site\/wp-json\/wp\/v2\/comments?post=31093"}],"version-history":[{"count":1,"href":"https:\/\/radiostudiow.com.br\/site\/wp-json\/wp\/v2\/posts\/31093\/revisions"}],"predecessor-version":[{"id":31095,"href":"https:\/\/radiostudiow.com.br\/site\/wp-json\/wp\/v2\/posts\/31093\/revisions\/31095"}],"wp:featuredmedia":[{"embeddable":true,"href":"https:\/\/radiostudiow.com.br\/site\/wp-json\/wp\/v2\/media\/31094"}],"wp:attachment":[{"href":"https:\/\/radiostudiow.com.br\/site\/wp-json\/wp\/v2\/media?parent=31093"}],"wp:term":[{"taxonomy":"category","embeddable":true,"href":"https:\/\/radiostudiow.com.br\/site\/wp-json\/wp\/v2\/categories?post=31093"},{"taxonomy":"post_tag","embeddable":true,"href":"https:\/\/radiostudiow.com.br\/site\/wp-json\/wp\/v2\/tags?post=31093"}],"curies":[{"name":"wp","href":"https:\/\/api.w.org\/{rel}","templated":true}]}}