{"id":31102,"date":"2024-12-04T10:11:13","date_gmt":"2024-12-04T13:11:13","guid":{"rendered":"https:\/\/radiostudiow.com.br\/site\/?p=31102"},"modified":"2025-01-31T14:58:08","modified_gmt":"2025-01-31T17:58:08","slug":"pm-prende-acusado-de-assassinato-em-cruz-machado","status":"publish","type":"post","link":"https:\/\/radiostudiow.com.br\/site\/2024\/12\/04\/pm-prende-acusado-de-assassinato-em-cruz-machado\/","title":{"rendered":"PM prende acusado de assassinato em Cruz Machado"},"content":{"rendered":"\n<p>A equipe da Pol\u00edcia Militar de Cruz Machado realizou a pris\u00e3o de um homem acusado de ser autor do homic\u00eddio de&nbsp;Erenilson Procopio por volta das 21:20 horas dessa segunda-feira (02).<\/p>\n\n\n\n<figure class=\"wp-block-image size-full\"><img loading=\"lazy\" decoding=\"async\" width=\"897\" height=\"204\" src=\"https:\/\/radiostudiow.com.br\/site\/wp-content\/uploads\/2024\/11\/image-49.png\" alt=\"\" class=\"wp-image-30017\" srcset=\"https:\/\/radiostudiow.com.br\/site\/wp-content\/uploads\/2024\/11\/image-49.png 897w, https:\/\/radiostudiow.com.br\/site\/wp-content\/uploads\/2024\/11\/image-49-300x68.png 300w, https:\/\/radiostudiow.com.br\/site\/wp-content\/uploads\/2024\/11\/image-49-768x175.png 768w\" sizes=\"auto, (max-width: 897px) 100vw, 897px\" \/><\/figure>\n\n\n\n<p>A pol\u00edcia tomou conhecimento de mandado de pris\u00e3o em desfavor do autor do homic\u00eddio ocorrido em 26 de novembro de 2024 na localidade da Linha Rio Banho.<\/p>\n\n\n\n<p>Diante dos fatos os policiais se deslocaram at\u00e9 a resid\u00eancia do suspeito, o qual foi encontrado e cientificado sobre o mandado de pris\u00e3o.<\/p>\n\n\n\n<div class=\"wp-block-media-text is-stacked-on-mobile\" style=\"grid-template-columns:58% auto\"><figure class=\"wp-block-media-text__media\"><img decoding=\"async\" src=\"https:\/\/radiostudiow.com.br\/site\/wp-content\/uploads\/2024\/12\/46114-Aniversario-Afubra-Irati_Post-1024x1024.jpg\" alt=\"\" class=\"wp-image-31135 size-full\"\/><\/figure><div class=\"wp-block-media-text__content\">\n<p>AFUBRA IRATI: \ud83d\udcde(42) 3421-1700<br>\ud83d\udccd Rua Coronel Emilio Gomes, 399, Centro &#8211; Irati &#8211; PR<\/p>\n\n\n\n<p>AFUBRA IMBITUVA: \ud83d\udcde(42) 3436-84003<br>\ud83d\udccd RUA Jacobe Brener, 830 &#8211; Centro, Imbituva &#8211; PR<\/p>\n\n\n\n<p><a href=\"https:\/\/www.lojasafubra.com.br\">https:\/\/www.lojasafubra.com.br<\/a><\/p>\n<\/div><\/div>\n\n\n\n<p>Ap\u00f3s ser cientificado sobre seus direitos, ele foi preso e conduzido ao Departamento Penitenci\u00e1rio do Estado (DEPEN) de Uni\u00e3o da Vit\u00f3ria, onde ficar\u00e1 \u00e0 disposi\u00e7\u00e3o da justi\u00e7a para as devidas provid\u00eancias.<\/p>\n\n\n\n<p>O crime aconteceu na comunidade de Rio do Banho.&nbsp;Segundo informa\u00e7\u00f5es, houve um desentendimento entre os dois homens que estavam ingerindo bebida alco\u00f3lica, pr\u00f3ximo a uma igreja da localidade. Erenilson foi morto com golpes de madeira.<\/p>\n","protected":false},"excerpt":{"rendered":"<p>A equipe da Pol\u00edcia Militar de Cruz Machado realizou a pris\u00e3o de um homem acusado de ser autor do homic\u00eddio de&nbsp;Erenilson Procopio por volta das 21:20 horas dessa segunda-feira (02). A pol\u00edcia tomou conhecimento de mandado de pris\u00e3o em desfavor do autor do homic\u00eddio ocorrido em 26 de novembro de 2024 na localidade da Linha [&hellip;]<\/p>\n","protected":false},"author":2,"featured_media":30856,"comment_status":"open","ping_status":"open","sticky":false,"template":"","format":"standard","meta":{"footnotes":""},"categories":[2],"tags":[172],"class_list":["post-31102","post","type-post","status-publish","format-standard","has-post-thumbnail","hentry","category-policial","tag-featured"],"amp_enabled":true,"_links":{"self":[{"href":"https:\/\/radiostudiow.com.br\/site\/wp-json\/wp\/v2\/posts\/31102","targetHints":{"allow":["GET"]}}],"collection":[{"href":"https:\/\/radiostudiow.com.br\/site\/wp-json\/wp\/v2\/posts"}],"about":[{"href":"https:\/\/radiostudiow.com.br\/site\/wp-json\/wp\/v2\/types\/post"}],"author":[{"embeddable":true,"href":"https:\/\/radiostudiow.com.br\/site\/wp-json\/wp\/v2\/users\/2"}],"replies":[{"embeddable":true,"href":"https:\/\/radiostudiow.com.br\/site\/wp-json\/wp\/v2\/comments?post=31102"}],"version-history":[{"count":5,"href":"https:\/\/radiostudiow.com.br\/site\/wp-json\/wp\/v2\/posts\/31102\/revisions"}],"predecessor-version":[{"id":31136,"href":"https:\/\/radiostudiow.com.br\/site\/wp-json\/wp\/v2\/posts\/31102\/revisions\/31136"}],"wp:featuredmedia":[{"embeddable":true,"href":"https:\/\/radiostudiow.com.br\/site\/wp-json\/wp\/v2\/media\/30856"}],"wp:attachment":[{"href":"https:\/\/radiostudiow.com.br\/site\/wp-json\/wp\/v2\/media?parent=31102"}],"wp:term":[{"taxonomy":"category","embeddable":true,"href":"https:\/\/radiostudiow.com.br\/site\/wp-json\/wp\/v2\/categories?post=31102"},{"taxonomy":"post_tag","embeddable":true,"href":"https:\/\/radiostudiow.com.br\/site\/wp-json\/wp\/v2\/tags?post=31102"}],"curies":[{"name":"wp","href":"https:\/\/api.w.org\/{rel}","templated":true}]}}