{"id":31110,"date":"2024-12-03T19:00:43","date_gmt":"2024-12-03T22:00:43","guid":{"rendered":"https:\/\/radiostudiow.com.br\/site\/?p=31110"},"modified":"2025-01-31T14:58:08","modified_gmt":"2025-01-31T17:58:08","slug":"pc-divulga-avanco-no-caso-de-reboucense-de-26-anos-vitima-de-feminicidio-em-ponta-grossa","status":"publish","type":"post","link":"https:\/\/radiostudiow.com.br\/site\/2024\/12\/03\/pc-divulga-avanco-no-caso-de-reboucense-de-26-anos-vitima-de-feminicidio-em-ponta-grossa\/","title":{"rendered":"PC divulga avan\u00e7o no caso de reboucense de 26 anos v\u00edtima de feminic\u00eddio em Ponta Grossa"},"content":{"rendered":"\n<p>A Pol\u00edcia Civil informa que o suspeito de autoria do crime de Feminic\u00eddio contra a v\u00edtima PRISCILA ELIZ SINHORI, de 26 anos, foi autuado em Flagrante na madrugada ap\u00f3s o cometimento do crime, sendo, em seguida, decretada sua Pris\u00e3o Preventiva pelo Poder Judici\u00e1rio.<\/p>\n\n\n\n<figure class=\"wp-block-image size-full\"><img loading=\"lazy\" decoding=\"async\" width=\"851\" height=\"315\" src=\"https:\/\/radiostudiow.com.br\/site\/wp-content\/uploads\/2024\/11\/image-102.png\" alt=\"\" class=\"wp-image-30741\" srcset=\"https:\/\/radiostudiow.com.br\/site\/wp-content\/uploads\/2024\/11\/image-102.png 851w, https:\/\/radiostudiow.com.br\/site\/wp-content\/uploads\/2024\/11\/image-102-300x111.png 300w, https:\/\/radiostudiow.com.br\/site\/wp-content\/uploads\/2024\/11\/image-102-768x284.png 768w\" sizes=\"auto, (max-width: 851px) 100vw, 851px\" \/><\/figure>\n\n\n\n<p>Atrav\u00e9s dos elementos de prova colhidos at\u00e9 ent\u00e3o, apurou-se que, na data dos fatos, o autor efetuou disparos de arma de fogo contra a v\u00edtima, inicialmente no interior da resid\u00eancia de moradores pr\u00f3ximos, tendo perseguido a v\u00edtima at\u00e9 a rua e efetuado novos disparos em via p\u00fablica contra Priscila. Pelo apurado atrav\u00e9s de c\u00e2meras de seguran\u00e7a, o autor teria, ainda, ido at\u00e9 a sua resid\u00eancia para recarregar o armamento (um rev\u00f3lver calibre .38) e retornado ao local onde a v\u00edtima estava, para efetuar novos disparos contra esta.<\/p>\n\n\n\n<p>Na madrugada de s\u00e1bado para domingo, foi recebida uma den\u00fancia de que o autor teria retornado \u00e0 sua resid\u00eancia, momento em que a pol\u00edcia militar dirigiu-se at\u00e9 o local e efetuou sua pris\u00e3o em flagrante. O autor foi ouvido pelo delegado de pol\u00edcia plantonista, sendo autuado pelos crimes de Feminic\u00eddio, Descumprimento de Medidas Protetivas (uma vez que a v\u00edtima j\u00e1 possu\u00eda duas ocorr\u00eancias em desfavor dele por fatos anteriores, al\u00e9m de medidas protetivas vigentes) e Porte Ilegal de Arma de Fogo.<\/p>\n\n\n\n<figure class=\"wp-block-video\"><video controls src=\"https:\/\/radiostudiow.com.br\/site\/wp-content\/uploads\/2024\/12\/AQPbN-GhhAuzazigxsZTJe48s81viRP6J22NbwXYxwH-Xgs8OIomzKDl_gW6x8zn-pfXojOimiuWMFNyNwpM10cA.mp4\"><\/video><\/figure>\n\n\n\n<figure class=\"wp-block-image size-full\"><img loading=\"lazy\" decoding=\"async\" width=\"756\" height=\"756\" src=\"https:\/\/radiostudiow.com.br\/site\/wp-content\/uploads\/2024\/12\/image-16.png\" alt=\"\" class=\"wp-image-31113\" srcset=\"https:\/\/radiostudiow.com.br\/site\/wp-content\/uploads\/2024\/12\/image-16.png 756w, https:\/\/radiostudiow.com.br\/site\/wp-content\/uploads\/2024\/12\/image-16-300x300.png 300w, https:\/\/radiostudiow.com.br\/site\/wp-content\/uploads\/2024\/12\/image-16-80x80.png 80w\" sizes=\"auto, (max-width: 756px) 100vw, 756px\" \/><\/figure>\n\n\n\n<figure class=\"wp-block-image size-full\"><img loading=\"lazy\" decoding=\"async\" width=\"748\" height=\"400\" src=\"https:\/\/radiostudiow.com.br\/site\/wp-content\/uploads\/2024\/12\/image-15.png\" alt=\"\" class=\"wp-image-31112\" srcset=\"https:\/\/radiostudiow.com.br\/site\/wp-content\/uploads\/2024\/12\/image-15.png 748w, https:\/\/radiostudiow.com.br\/site\/wp-content\/uploads\/2024\/12\/image-15-300x160.png 300w\" sizes=\"auto, (max-width: 748px) 100vw, 748px\" \/><\/figure>\n","protected":false},"excerpt":{"rendered":"<p>A Pol\u00edcia Civil informa que o suspeito de autoria do crime de Feminic\u00eddio contra a v\u00edtima PRISCILA ELIZ SINHORI, de 26 anos, foi autuado em Flagrante na madrugada ap\u00f3s o cometimento do crime, sendo, em seguida, decretada sua Pris\u00e3o Preventiva pelo Poder Judici\u00e1rio. Atrav\u00e9s dos elementos de prova colhidos at\u00e9 ent\u00e3o, apurou-se que, na data [&hellip;]<\/p>\n","protected":false},"author":2,"featured_media":31111,"comment_status":"open","ping_status":"open","sticky":false,"template":"","format":"standard","meta":{"footnotes":""},"categories":[2],"tags":[172],"class_list":["post-31110","post","type-post","status-publish","format-standard","has-post-thumbnail","hentry","category-policial","tag-featured"],"amp_enabled":true,"_links":{"self":[{"href":"https:\/\/radiostudiow.com.br\/site\/wp-json\/wp\/v2\/posts\/31110","targetHints":{"allow":["GET"]}}],"collection":[{"href":"https:\/\/radiostudiow.com.br\/site\/wp-json\/wp\/v2\/posts"}],"about":[{"href":"https:\/\/radiostudiow.com.br\/site\/wp-json\/wp\/v2\/types\/post"}],"author":[{"embeddable":true,"href":"https:\/\/radiostudiow.com.br\/site\/wp-json\/wp\/v2\/users\/2"}],"replies":[{"embeddable":true,"href":"https:\/\/radiostudiow.com.br\/site\/wp-json\/wp\/v2\/comments?post=31110"}],"version-history":[{"count":2,"href":"https:\/\/radiostudiow.com.br\/site\/wp-json\/wp\/v2\/posts\/31110\/revisions"}],"predecessor-version":[{"id":31116,"href":"https:\/\/radiostudiow.com.br\/site\/wp-json\/wp\/v2\/posts\/31110\/revisions\/31116"}],"wp:featuredmedia":[{"embeddable":true,"href":"https:\/\/radiostudiow.com.br\/site\/wp-json\/wp\/v2\/media\/31111"}],"wp:attachment":[{"href":"https:\/\/radiostudiow.com.br\/site\/wp-json\/wp\/v2\/media?parent=31110"}],"wp:term":[{"taxonomy":"category","embeddable":true,"href":"https:\/\/radiostudiow.com.br\/site\/wp-json\/wp\/v2\/categories?post=31110"},{"taxonomy":"post_tag","embeddable":true,"href":"https:\/\/radiostudiow.com.br\/site\/wp-json\/wp\/v2\/tags?post=31110"}],"curies":[{"name":"wp","href":"https:\/\/api.w.org\/{rel}","templated":true}]}}