{"id":31125,"date":"2024-12-03T21:10:58","date_gmt":"2024-12-04T00:10:58","guid":{"rendered":"https:\/\/radiostudiow.com.br\/site\/?p=31125"},"modified":"2025-01-31T14:58:08","modified_gmt":"2025-01-31T17:58:08","slug":"prefeitura-de-mallet-adquire-nova-ambulancia-e-anuncia-mais-de-r-1-milhao-em-investimentos-na-saude","status":"publish","type":"post","link":"https:\/\/radiostudiow.com.br\/site\/2024\/12\/03\/prefeitura-de-mallet-adquire-nova-ambulancia-e-anuncia-mais-de-r-1-milhao-em-investimentos-na-saude\/","title":{"rendered":"Prefeitura de Mallet Adquire Nova Ambul\u00e2ncia e Anuncia Mais de R$ 1 Milh\u00e3o em Investimentos na Sa\u00fade"},"content":{"rendered":"\n<p>A gest\u00e3o do Prefeito Moacir Szinvelski encerra seu mandato com mais uma conquista significativa para a sa\u00fade p\u00fablica de Mallet: a aquisi\u00e7\u00e3o de uma nova ambul\u00e2ncia. O ve\u00edculo foi viabilizado por meio de um conv\u00eanio com a Secretaria de Estado da Sa\u00fade (SESA), utilizando recursos estaduais e contrapartida financeira da Prefeitura, totalizando R$ 355.900,00.<\/p>\n\n\n\n<figure class=\"wp-block-image size-full\"><img loading=\"lazy\" decoding=\"async\" width=\"900\" height=\"408\" src=\"https:\/\/radiostudiow.com.br\/site\/wp-content\/uploads\/2024\/09\/image-64-1.png\" alt=\"\" class=\"wp-image-28207\" srcset=\"https:\/\/radiostudiow.com.br\/site\/wp-content\/uploads\/2024\/09\/image-64-1.png 900w, https:\/\/radiostudiow.com.br\/site\/wp-content\/uploads\/2024\/09\/image-64-1-300x136.png 300w, https:\/\/radiostudiow.com.br\/site\/wp-content\/uploads\/2024\/09\/image-64-1-768x348.png 768w\" sizes=\"auto, (max-width: 900px) 100vw, 900px\" \/><\/figure>\n\n\n\n<p>O conv\u00eanio envolveu R$ 250.000,00 repassados pelo Governo do Estado e R$ 105.900,00 provenientes de valores arrecadados em um leil\u00e3o municipal. A iniciativa contou com o apoio do Secret\u00e1rio de Sa\u00fade, Beto Preto, do Deputado Hussein Bakri, l\u00edder do governo na Assembleia Legislativa do Paran\u00e1 (ALEP), e do Governador Ratinho Jr.<\/p>\n\n\n\n<p>O processo de aquisi\u00e7\u00e3o foi iniciado pela ex-Secret\u00e1ria de Sa\u00fade, Lorena Soares, e conclu\u00eddo por sua sucessora, Beatriz Tomal. Al\u00e9m da ambul\u00e2ncia, a Prefeitura de Mallet recebeu duas novas autoriza\u00e7\u00f5es de licita\u00e7\u00e3o: um \u00f4nibus para transporte de pacientes, no valor de R$ 700.000,00, e um ve\u00edculo de sete lugares, estimado em R$ 110.000,00. Esses projetos, previstos para serem conclu\u00eddos no pr\u00f3ximo ano, elevam os investimentos em sa\u00fade para mais de R$ 1.165.900,00.<\/p>\n\n\n\n<figure class=\"wp-block-image size-large\"><img loading=\"lazy\" decoding=\"async\" width=\"1024\" height=\"578\" src=\"https:\/\/radiostudiow.com.br\/site\/wp-content\/uploads\/2024\/12\/image-17-1024x578.png\" alt=\"\" class=\"wp-image-31126\" srcset=\"https:\/\/radiostudiow.com.br\/site\/wp-content\/uploads\/2024\/12\/image-17-1024x578.png 1024w, https:\/\/radiostudiow.com.br\/site\/wp-content\/uploads\/2024\/12\/image-17-300x169.png 300w, https:\/\/radiostudiow.com.br\/site\/wp-content\/uploads\/2024\/12\/image-17-768x434.png 768w, https:\/\/radiostudiow.com.br\/site\/wp-content\/uploads\/2024\/12\/image-17.png 1426w\" sizes=\"auto, (max-width: 1024px) 100vw, 1024px\" \/><\/figure>\n\n\n\n<p>Em entrevista, o Prefeito Moacir destacou a import\u00e2ncia da parceria com o Governo do Paran\u00e1 e o impacto positivo dessas aquisi\u00e7\u00f5es para a popula\u00e7\u00e3o. <strong><em>\u201c\u00c9 uma grande alegria deixar, ainda no final do mandato, mais essa conquista para o povo malletense, para o povo que paga o seu imposto. Foram in\u00fameras conquistas junto ao Governo do Estado, atrav\u00e9s do Deputado Hussein Bakri. Agrade\u00e7o neste momento ao Hussein por nunca medir esfor\u00e7os para realizar sonhos por Mallet, ao Secret\u00e1rio Beto Preto e ao meu amigo Governador Ratinho Jr por mais essa conquista\u201d, declarou o prefeito.<\/em><\/strong><\/p>\n\n\n\n<p>Com a nova ambul\u00e2ncia e as autoriza\u00e7\u00f5es em andamento, a gest\u00e3o de Moacir Szinvelski refor\u00e7a seu compromisso com a melhoria dos servi\u00e7os de sa\u00fade no munic\u00edpio, beneficiando diretamente a qualidade de vida dos cidad\u00e3os malletenses.<\/p>\n","protected":false},"excerpt":{"rendered":"<p>A gest\u00e3o do Prefeito Moacir Szinvelski encerra seu mandato com mais uma conquista significativa para a sa\u00fade p\u00fablica de Mallet: a aquisi\u00e7\u00e3o de uma nova ambul\u00e2ncia. O ve\u00edculo foi viabilizado por meio de um conv\u00eanio com a Secretaria de Estado da Sa\u00fade (SESA), utilizando recursos estaduais e contrapartida financeira da Prefeitura, totalizando R$ 355.900,00. O [&hellip;]<\/p>\n","protected":false},"author":2,"featured_media":31127,"comment_status":"open","ping_status":"open","sticky":false,"template":"","format":"standard","meta":{"footnotes":""},"categories":[184],"tags":[172],"class_list":["post-31125","post","type-post","status-publish","format-standard","has-post-thumbnail","hentry","category-local","tag-featured"],"amp_enabled":true,"_links":{"self":[{"href":"https:\/\/radiostudiow.com.br\/site\/wp-json\/wp\/v2\/posts\/31125","targetHints":{"allow":["GET"]}}],"collection":[{"href":"https:\/\/radiostudiow.com.br\/site\/wp-json\/wp\/v2\/posts"}],"about":[{"href":"https:\/\/radiostudiow.com.br\/site\/wp-json\/wp\/v2\/types\/post"}],"author":[{"embeddable":true,"href":"https:\/\/radiostudiow.com.br\/site\/wp-json\/wp\/v2\/users\/2"}],"replies":[{"embeddable":true,"href":"https:\/\/radiostudiow.com.br\/site\/wp-json\/wp\/v2\/comments?post=31125"}],"version-history":[{"count":1,"href":"https:\/\/radiostudiow.com.br\/site\/wp-json\/wp\/v2\/posts\/31125\/revisions"}],"predecessor-version":[{"id":31128,"href":"https:\/\/radiostudiow.com.br\/site\/wp-json\/wp\/v2\/posts\/31125\/revisions\/31128"}],"wp:featuredmedia":[{"embeddable":true,"href":"https:\/\/radiostudiow.com.br\/site\/wp-json\/wp\/v2\/media\/31127"}],"wp:attachment":[{"href":"https:\/\/radiostudiow.com.br\/site\/wp-json\/wp\/v2\/media?parent=31125"}],"wp:term":[{"taxonomy":"category","embeddable":true,"href":"https:\/\/radiostudiow.com.br\/site\/wp-json\/wp\/v2\/categories?post=31125"},{"taxonomy":"post_tag","embeddable":true,"href":"https:\/\/radiostudiow.com.br\/site\/wp-json\/wp\/v2\/tags?post=31125"}],"curies":[{"name":"wp","href":"https:\/\/api.w.org\/{rel}","templated":true}]}}