{"id":31157,"date":"2024-12-05T10:08:17","date_gmt":"2024-12-05T13:08:17","guid":{"rendered":"https:\/\/radiostudiow.com.br\/site\/?p=31157"},"modified":"2025-01-31T14:58:08","modified_gmt":"2025-01-31T17:58:08","slug":"mulher-fica-gravemente-ferida-apos-capotamento-na-br-476","status":"publish","type":"post","link":"https:\/\/radiostudiow.com.br\/site\/2024\/12\/05\/mulher-fica-gravemente-ferida-apos-capotamento-na-br-476\/","title":{"rendered":"Mulher fica gravemente ferida ap\u00f3s capotamento na BR-476"},"content":{"rendered":"\n<p>Um acidente de tr\u00e2nsito registrado nesta ter\u00e7a-feira, 03 de dezembro, mobilizou equipes de emerg\u00eancia em uma ocorr\u00eancia de&nbsp;sa\u00edda de pista seguida de capotamento na BR-476, regi\u00e3o do Limoeiro, deixando uma v\u00edtima presa no interior do ve\u00edculo, uma caminhonete.<\/p>\n\n\n\n<p>No local, a equipe do Corpo de Bombeiros de S\u00e3o Mateus do Sul e Servi\u00e7o de Atendimento M\u00f3vel de Urg\u00eancia (SAMU), prestavam os primeiros atendimentos \u00e0 v\u00edtima.<\/p>\n\n\n\n<figure class=\"wp-block-image size-full\"><img loading=\"lazy\" decoding=\"async\" width=\"598\" height=\"204\" src=\"https:\/\/radiostudiow.com.br\/site\/wp-content\/uploads\/2024\/10\/labirati.png\" alt=\"\" class=\"wp-image-28854\" srcset=\"https:\/\/radiostudiow.com.br\/site\/wp-content\/uploads\/2024\/10\/labirati.png 598w, https:\/\/radiostudiow.com.br\/site\/wp-content\/uploads\/2024\/10\/labirati-300x102.png 300w\" sizes=\"auto, (max-width: 598px) 100vw, 598px\" \/><\/figure>\n\n\n\n<p>Dada a complexidade da situa\u00e7\u00e3o,&nbsp;foi necess\u00e1rio um resgate cuidadoso para retirar a v\u00edtima do interior do ve\u00edculo capotado. Os socorristas imobilizaram a pessoa em uma t\u00e1bua do SAMU e, em seguida, utilizaram uma maca mamute e uma escada prolong\u00e1vel para realizar o transporte por meio de um trilho em escada, garantindo a seguran\u00e7a durante todo o processo.<\/p>\n\n\n\n<p>Ap\u00f3s o resgate, a v\u00edtima,&nbsp;uma mulher de 38 anos com ferimentos graves, permaneceu aos cuidados da equipe m\u00e9dica do SAMU, que conduziu o transporte a uma unidade de sa\u00fade.<\/p>\n","protected":false},"excerpt":{"rendered":"<p>Um acidente de tr\u00e2nsito registrado nesta ter\u00e7a-feira, 03 de dezembro, mobilizou equipes de emerg\u00eancia em uma ocorr\u00eancia de&nbsp;sa\u00edda de pista seguida de capotamento na BR-476, regi\u00e3o do Limoeiro, deixando uma v\u00edtima presa no interior do ve\u00edculo, uma caminhonete. No local, a equipe do Corpo de Bombeiros de S\u00e3o Mateus do Sul e Servi\u00e7o de Atendimento [&hellip;]<\/p>\n","protected":false},"author":2,"featured_media":31158,"comment_status":"open","ping_status":"open","sticky":false,"template":"","format":"standard","meta":{"footnotes":""},"categories":[185],"tags":[172],"class_list":["post-31157","post","type-post","status-publish","format-standard","has-post-thumbnail","hentry","category-regional","tag-featured"],"amp_enabled":true,"_links":{"self":[{"href":"https:\/\/radiostudiow.com.br\/site\/wp-json\/wp\/v2\/posts\/31157","targetHints":{"allow":["GET"]}}],"collection":[{"href":"https:\/\/radiostudiow.com.br\/site\/wp-json\/wp\/v2\/posts"}],"about":[{"href":"https:\/\/radiostudiow.com.br\/site\/wp-json\/wp\/v2\/types\/post"}],"author":[{"embeddable":true,"href":"https:\/\/radiostudiow.com.br\/site\/wp-json\/wp\/v2\/users\/2"}],"replies":[{"embeddable":true,"href":"https:\/\/radiostudiow.com.br\/site\/wp-json\/wp\/v2\/comments?post=31157"}],"version-history":[{"count":1,"href":"https:\/\/radiostudiow.com.br\/site\/wp-json\/wp\/v2\/posts\/31157\/revisions"}],"predecessor-version":[{"id":31159,"href":"https:\/\/radiostudiow.com.br\/site\/wp-json\/wp\/v2\/posts\/31157\/revisions\/31159"}],"wp:featuredmedia":[{"embeddable":true,"href":"https:\/\/radiostudiow.com.br\/site\/wp-json\/wp\/v2\/media\/31158"}],"wp:attachment":[{"href":"https:\/\/radiostudiow.com.br\/site\/wp-json\/wp\/v2\/media?parent=31157"}],"wp:term":[{"taxonomy":"category","embeddable":true,"href":"https:\/\/radiostudiow.com.br\/site\/wp-json\/wp\/v2\/categories?post=31157"},{"taxonomy":"post_tag","embeddable":true,"href":"https:\/\/radiostudiow.com.br\/site\/wp-json\/wp\/v2\/tags?post=31157"}],"curies":[{"name":"wp","href":"https:\/\/api.w.org\/{rel}","templated":true}]}}