{"id":31160,"date":"2024-12-05T10:30:04","date_gmt":"2024-12-05T13:30:04","guid":{"rendered":"https:\/\/radiostudiow.com.br\/site\/?p=31160"},"modified":"2025-01-31T14:58:08","modified_gmt":"2025-01-31T17:58:08","slug":"homem-baleado-no-final-de-semana-em-uniao-da-vitoria-morreu-no-hospital","status":"publish","type":"post","link":"https:\/\/radiostudiow.com.br\/site\/2024\/12\/05\/homem-baleado-no-final-de-semana-em-uniao-da-vitoria-morreu-no-hospital\/","title":{"rendered":"Homem baleado no final de semana em Uni\u00e3o da Vit\u00f3ria morreu no hospital"},"content":{"rendered":"\n<p>Morreu no hospital APMI de Uni\u00e3o da Vit\u00f3ria nessa quarta-feira, 04 de dezembro,&nbsp;Valmir Ribeiro&nbsp;de 60 anos, que foi baleado em sua casa no bairro Limeira na madrugada do s\u00e1bado (30).<\/p>\n\n\n\n<p>De acordo com informa\u00e7\u00f5es, o morador do bairro Limeira estava hospitalizado desde o dia do crime na UTI do hospital APMI.<\/p>\n\n\n\n<div class=\"wp-block-media-text is-stacked-on-mobile\"><figure class=\"wp-block-media-text__media\"><img decoding=\"async\" src=\"https:\/\/radiostudiow.com.br\/site\/wp-content\/uploads\/2024\/12\/46114-Aniversario-Afubra-Irati_Post-1-1024x1024.jpg\" alt=\"\" class=\"wp-image-31161 size-full\"\/><\/figure><div class=\"wp-block-media-text__content\">\n<p>AFUBRA IRATI: \ud83d\udcde(42) 3421-1700<br>\ud83d\udccd Rua Coronel Emilio Gomes, 399, Centro &#8211; Irati &#8211; PR<\/p>\n\n\n\n<p>AFUBRA IMBITUVA: \ud83d\udcde(42) 3436-84003<br>\ud83d\udccd RUA Jacobe Brener, 830 &#8211; Centro, Imbituva &#8211; PR<\/p>\n\n\n\n<p><a href=\"https:\/\/www.lojasafubra.com.br\">https:\/\/www.lojasafubra.com.br<\/a><\/p>\n<\/div><\/div>\n\n\n\n<h2 class=\"wp-block-heading\"><strong>O crime<\/strong><\/h2>\n\n\n\n<p> Valmir foi ferido durante a madruga em sua casa na rua Estefano Berejuk, no bairro Limeira. Ele foi socorrido e encaminhado com ferimentos graves para o hospital, n\u00e3o resistiu e entrando em \u00f3bito.<\/p>\n\n\n\n<p>O caso segue sendo investigado pela Pol\u00edcia Civil e tr\u00eas homens est\u00e3o presos preventivamente por envolvimento no crime que possivelmente tem liga\u00e7\u00f5es com um assassinato e outras duas tentativas que tamb\u00e9m ocorreram no final de semana.<\/p>\n\n\n\n<figure class=\"wp-block-image size-full\"><img loading=\"lazy\" decoding=\"async\" width=\"900\" height=\"408\" src=\"https:\/\/radiostudiow.com.br\/site\/wp-content\/uploads\/2024\/09\/image-64-1.png\" alt=\"\" class=\"wp-image-28207\" srcset=\"https:\/\/radiostudiow.com.br\/site\/wp-content\/uploads\/2024\/09\/image-64-1.png 900w, https:\/\/radiostudiow.com.br\/site\/wp-content\/uploads\/2024\/09\/image-64-1-300x136.png 300w, https:\/\/radiostudiow.com.br\/site\/wp-content\/uploads\/2024\/09\/image-64-1-768x348.png 768w\" sizes=\"auto, (max-width: 900px) 100vw, 900px\" \/><\/figure>\n\n\n\n<p>Na madrugada de s\u00e1bado (30),&nbsp;Diego Borges&nbsp;foi morto a tiros na rua Eurico Cleto da Silva, no Conjunto Horst Waldraf e a irm\u00e3 dele foi baleada na rua B\u00f3ris Ivan Prechlhak. No mesmo dia um outro homem foi baleado no bairro Rocio.&nbsp;Ele foi socorrido e fugiu do hospital.<\/p>\n\n\n\n<p>A r\u00e1pida a\u00e7\u00e3o policial foi fundamental para identificar os suspeitos.&nbsp;A Pol\u00edcia ap\u00f3s apurar informa\u00e7\u00f5es chegou at\u00e9 o ve\u00edculo utilizado no crime e tr\u00eas homens foram presos.<\/p>\n","protected":false},"excerpt":{"rendered":"<p>Morreu no hospital APMI de Uni\u00e3o da Vit\u00f3ria nessa quarta-feira, 04 de dezembro,&nbsp;Valmir Ribeiro&nbsp;de 60 anos, que foi baleado em sua casa no bairro Limeira na madrugada do s\u00e1bado (30). De acordo com informa\u00e7\u00f5es, o morador do bairro Limeira estava hospitalizado desde o dia do crime na UTI do hospital APMI. AFUBRA IRATI: \ud83d\udcde(42) 3421-1700\ud83d\udccd [&hellip;]<\/p>\n","protected":false},"author":2,"featured_media":31162,"comment_status":"open","ping_status":"open","sticky":false,"template":"","format":"standard","meta":{"footnotes":""},"categories":[2],"tags":[172],"class_list":["post-31160","post","type-post","status-publish","format-standard","has-post-thumbnail","hentry","category-policial","tag-featured"],"amp_enabled":true,"_links":{"self":[{"href":"https:\/\/radiostudiow.com.br\/site\/wp-json\/wp\/v2\/posts\/31160","targetHints":{"allow":["GET"]}}],"collection":[{"href":"https:\/\/radiostudiow.com.br\/site\/wp-json\/wp\/v2\/posts"}],"about":[{"href":"https:\/\/radiostudiow.com.br\/site\/wp-json\/wp\/v2\/types\/post"}],"author":[{"embeddable":true,"href":"https:\/\/radiostudiow.com.br\/site\/wp-json\/wp\/v2\/users\/2"}],"replies":[{"embeddable":true,"href":"https:\/\/radiostudiow.com.br\/site\/wp-json\/wp\/v2\/comments?post=31160"}],"version-history":[{"count":1,"href":"https:\/\/radiostudiow.com.br\/site\/wp-json\/wp\/v2\/posts\/31160\/revisions"}],"predecessor-version":[{"id":31163,"href":"https:\/\/radiostudiow.com.br\/site\/wp-json\/wp\/v2\/posts\/31160\/revisions\/31163"}],"wp:featuredmedia":[{"embeddable":true,"href":"https:\/\/radiostudiow.com.br\/site\/wp-json\/wp\/v2\/media\/31162"}],"wp:attachment":[{"href":"https:\/\/radiostudiow.com.br\/site\/wp-json\/wp\/v2\/media?parent=31160"}],"wp:term":[{"taxonomy":"category","embeddable":true,"href":"https:\/\/radiostudiow.com.br\/site\/wp-json\/wp\/v2\/categories?post=31160"},{"taxonomy":"post_tag","embeddable":true,"href":"https:\/\/radiostudiow.com.br\/site\/wp-json\/wp\/v2\/tags?post=31160"}],"curies":[{"name":"wp","href":"https:\/\/api.w.org\/{rel}","templated":true}]}}