{"id":31164,"date":"2024-12-05T10:42:18","date_gmt":"2024-12-05T13:42:18","guid":{"rendered":"https:\/\/radiostudiow.com.br\/site\/?p=31164"},"modified":"2025-01-31T14:58:08","modified_gmt":"2025-01-31T17:58:08","slug":"homem-acusado-de-duplo-homicidio-em-bituruna-comecou-a-ser-julgado","status":"publish","type":"post","link":"https:\/\/radiostudiow.com.br\/site\/2024\/12\/05\/homem-acusado-de-duplo-homicidio-em-bituruna-comecou-a-ser-julgado\/","title":{"rendered":"Homem acusado de duplo homic\u00eddio em Bituruna come\u00e7ou a ser julgado"},"content":{"rendered":"\n<p>O Tribunal do J\u00fari de Uni\u00e3o da Vit\u00f3ria deu in\u00edcio nesta manh\u00e3, \u00e0s 9h, ao julgamento de\u00a0Valdecir Luiz Alves,\u00a0acusado de matar sua ex-mulher,\u00a0Silvana Aparecida de Lima, de 31 anos, e o suposto namorado dela,\u00a0Marcos Rabello, em um crime que chocou Bituruna no dia 1 de julho de 2022.<\/p>\n\n\n\n<figure class=\"wp-block-image size-large\"><img decoding=\"async\" src=\"https:\/\/radiostudiow.com.br\/site\/wp-content\/uploads\/2024\/10\/zm_0002_24AG_anuncio_261x83mm-1024x359.png\" alt=\"\" class=\"wp-image-28224\"\/><\/figure>\n\n\n\n<p>De acordo com o relato das autoridades, Valdecir foi at\u00e9 a casa de Silvana, onde disparou contra ela \u00e0 queima-roupa, atingindo seu rosto. Uma crian\u00e7a, filha do casal, estava presente e presenciou o assassinato.<\/p>\n\n\n\n<p>Em seguida Valdecir dirigiu-se a um lava-r\u00e1pido no centro da cidade, onde disparou contra Marcos que morreu devido a complica\u00e7\u00f5es de um ferimento na cabe\u00e7a e a irm\u00e3 de Marcos que tamb\u00e9m estava no local, ela sofreu ferimentos, mas sobreviveu.<\/p>\n\n\n\n<p>Valdecir fugiu do local do crime, sendo capturado pela Pol\u00edcia Militar no munic\u00edpio de Pinh\u00e3o, enquanto dirigia em dire\u00e7\u00e3o a Guarapuava.&nbsp;O motivo do crime seria a inconformidade de Valdecir com o t\u00e9rmino do relacionamento com Silvana.<\/p>\n\n\n\n<figure class=\"wp-block-image size-full\"><img loading=\"lazy\" decoding=\"async\" width=\"900\" height=\"408\" src=\"https:\/\/radiostudiow.com.br\/site\/wp-content\/uploads\/2024\/09\/image-64-1.png\" alt=\"\" class=\"wp-image-28207\" srcset=\"https:\/\/radiostudiow.com.br\/site\/wp-content\/uploads\/2024\/09\/image-64-1.png 900w, https:\/\/radiostudiow.com.br\/site\/wp-content\/uploads\/2024\/09\/image-64-1-300x136.png 300w, https:\/\/radiostudiow.com.br\/site\/wp-content\/uploads\/2024\/09\/image-64-1-768x348.png 768w\" sizes=\"auto, (max-width: 900px) 100vw, 900px\" \/><\/figure>\n\n\n\n<h2 class=\"wp-block-heading\">Julgamento <\/h2>\n\n\n\n<p>O julgamento de Valdecir est\u00e1 sendo conduzido com a presen\u00e7a de sete jurados \u2013 dois homens e cinco mulheres. O r\u00e9u \u00e9 representado por tr\u00eas advogados de defesa. A acusa\u00e7\u00e3o \u00e9 liderada pelo promotor Alessandro Luiz dos Santos.<\/p>\n\n\n\n<p>Segundo a den\u00fancia apresentada pelo Minist\u00e9rio P\u00fablico, a acusa\u00e7\u00e3o tamb\u00e9m inclui&nbsp;ex-mulher de Marcos, apontada como c\u00famplice por supostamente ter fornecido a arma utilizada no crime.<\/p>\n\n\n\n<p>Familiares de Silvana acompanham o julgamente com camisetas brancas com a foto da jovem e um pedido: justi\u00e7a. O veredicto \u00e9 esperado para o final do dia ou, dependendo do andamento das discuss\u00f5es, at\u00e9 amanh\u00e3.<\/p>\n\n\n\n<figure class=\"wp-block-gallery has-nested-images columns-default is-cropped wp-block-gallery-1 is-layout-flex wp-block-gallery-is-layout-flex\">\n<figure class=\"wp-block-image size-large\"><img loading=\"lazy\" decoding=\"async\" width=\"264\" height=\"573\" data-id=\"31166\" src=\"https:\/\/radiostudiow.com.br\/site\/wp-content\/uploads\/2024\/12\/04.jpg\" alt=\"\" class=\"wp-image-31166\" srcset=\"https:\/\/radiostudiow.com.br\/site\/wp-content\/uploads\/2024\/12\/04.jpg 264w, https:\/\/radiostudiow.com.br\/site\/wp-content\/uploads\/2024\/12\/04-138x300.jpg 138w\" sizes=\"auto, (max-width: 264px) 100vw, 264px\" \/><\/figure>\n\n\n\n<figure class=\"wp-block-image size-large\"><img loading=\"lazy\" decoding=\"async\" width=\"588\" height=\"362\" data-id=\"31167\" src=\"https:\/\/radiostudiow.com.br\/site\/wp-content\/uploads\/2024\/12\/05.jpeg\" alt=\"\" class=\"wp-image-31167\" srcset=\"https:\/\/radiostudiow.com.br\/site\/wp-content\/uploads\/2024\/12\/05.jpeg 588w, https:\/\/radiostudiow.com.br\/site\/wp-content\/uploads\/2024\/12\/05-300x185.jpeg 300w\" sizes=\"auto, (max-width: 588px) 100vw, 588px\" \/><\/figure>\n<\/figure>\n","protected":false},"excerpt":{"rendered":"<p>O Tribunal do J\u00fari de Uni\u00e3o da Vit\u00f3ria deu in\u00edcio nesta manh\u00e3, \u00e0s 9h, ao julgamento de\u00a0Valdecir Luiz Alves,\u00a0acusado de matar sua ex-mulher,\u00a0Silvana Aparecida de Lima, de 31 anos, e o suposto namorado dela,\u00a0Marcos Rabello, em um crime que chocou Bituruna no dia 1 de julho de 2022. De acordo com o relato das autoridades, [&hellip;]<\/p>\n","protected":false},"author":2,"featured_media":31165,"comment_status":"open","ping_status":"open","sticky":false,"template":"","format":"standard","meta":{"footnotes":""},"categories":[2],"tags":[172],"class_list":["post-31164","post","type-post","status-publish","format-standard","has-post-thumbnail","hentry","category-policial","tag-featured"],"amp_enabled":true,"_links":{"self":[{"href":"https:\/\/radiostudiow.com.br\/site\/wp-json\/wp\/v2\/posts\/31164","targetHints":{"allow":["GET"]}}],"collection":[{"href":"https:\/\/radiostudiow.com.br\/site\/wp-json\/wp\/v2\/posts"}],"about":[{"href":"https:\/\/radiostudiow.com.br\/site\/wp-json\/wp\/v2\/types\/post"}],"author":[{"embeddable":true,"href":"https:\/\/radiostudiow.com.br\/site\/wp-json\/wp\/v2\/users\/2"}],"replies":[{"embeddable":true,"href":"https:\/\/radiostudiow.com.br\/site\/wp-json\/wp\/v2\/comments?post=31164"}],"version-history":[{"count":1,"href":"https:\/\/radiostudiow.com.br\/site\/wp-json\/wp\/v2\/posts\/31164\/revisions"}],"predecessor-version":[{"id":31168,"href":"https:\/\/radiostudiow.com.br\/site\/wp-json\/wp\/v2\/posts\/31164\/revisions\/31168"}],"wp:featuredmedia":[{"embeddable":true,"href":"https:\/\/radiostudiow.com.br\/site\/wp-json\/wp\/v2\/media\/31165"}],"wp:attachment":[{"href":"https:\/\/radiostudiow.com.br\/site\/wp-json\/wp\/v2\/media?parent=31164"}],"wp:term":[{"taxonomy":"category","embeddable":true,"href":"https:\/\/radiostudiow.com.br\/site\/wp-json\/wp\/v2\/categories?post=31164"},{"taxonomy":"post_tag","embeddable":true,"href":"https:\/\/radiostudiow.com.br\/site\/wp-json\/wp\/v2\/tags?post=31164"}],"curies":[{"name":"wp","href":"https:\/\/api.w.org\/{rel}","templated":true}]}}