{"id":31174,"date":"2024-12-05T11:42:18","date_gmt":"2024-12-05T14:42:18","guid":{"rendered":"https:\/\/radiostudiow.com.br\/site\/?p=31174"},"modified":"2025-01-31T14:58:08","modified_gmt":"2025-01-31T17:58:08","slug":"acidente-entre-tres-veiculos-deixa-carro-tombado-no-centro-de-irati","status":"publish","type":"post","link":"https:\/\/radiostudiow.com.br\/site\/2024\/12\/05\/acidente-entre-tres-veiculos-deixa-carro-tombado-no-centro-de-irati\/","title":{"rendered":"Acidente entre tr\u00eas ve\u00edculos deixa carro tombado no centro de Irati"},"content":{"rendered":"\n<p>Um homem de 61 anos sofreu ferimentos leves ap\u00f3s um acidente envolvendo tr\u00eas ve\u00edculos no cruzamento das ruas Coronel Gracia e Munhoz da Rocha, no centro de Irati, na tarde de ter\u00e7a-feira (03). O acidente chamou a aten\u00e7\u00e3o de pedestres e motoristas que passavam pelo local.<\/p>\n\n\n\n<div class=\"wp-block-media-text is-stacked-on-mobile\"><figure class=\"wp-block-media-text__media\"><img decoding=\"async\" src=\"https:\/\/radiostudiow.com.br\/site\/wp-content\/uploads\/2024\/12\/46114-Aniversario-Afubra-Irati_Post-1024x1024.jpg\" alt=\"\" class=\"wp-image-31135 size-full\"\/><\/figure><div class=\"wp-block-media-text__content\">\n<p>AFUBRA IRATI: \ud83d\udcde(42) 3421-1700<br>\ud83d\udccd Rua Coronel Emilio Gomes, 399, Centro &#8211; Irati &#8211; PR<\/p>\n\n\n\n<p>AFUBRA IMBITUVA: \ud83d\udcde(42) 3436-84003<br>\ud83d\udccd RUA Jacobe Brener, 830 &#8211; Centro, Imbituva &#8211; PR<\/p>\n\n\n\n<p><a href=\"https:\/\/www.lojasafubra.com.br\">https:\/\/www.lojasafubra.com.br<\/a><\/p>\n<\/div><\/div>\n\n\n\n<p>Os ve\u00edculos envolvidos foram um Fiat Palio, um Fiat Siena e um Renault Oroch, sendo que este \u00faltimo tombou ap\u00f3s as quest\u00f5es. O condutor do Oroch foi socorrido pelo Corpo de Bombeiros e encaminhado ao Pronto Atendimento Municipal. Ele apresentou apenas ferimentos leves. Outros dois homens, de 36 e 56 anos, que dirigiram os outros carros, n\u00e3o se feriram e recusaram atendimento m\u00e9dico.<\/p>\n\n\n\n<p>A Pol\u00edcia Militar foi acionada para atender a ocorr\u00eancia, enquanto a Guarda Municipal auxiliou na sinaliza\u00e7\u00e3o do tr\u00e2nsito no local.<\/p>\n\n\n\n<figure class=\"wp-block-image size-full\"><img loading=\"lazy\" decoding=\"async\" width=\"598\" height=\"204\" src=\"https:\/\/radiostudiow.com.br\/site\/wp-content\/uploads\/2024\/04\/image-23.png\" alt=\"\" class=\"wp-image-21221\" srcset=\"https:\/\/radiostudiow.com.br\/site\/wp-content\/uploads\/2024\/04\/image-23.png 598w, https:\/\/radiostudiow.com.br\/site\/wp-content\/uploads\/2024\/04\/image-23-300x102.png 300w\" sizes=\"auto, (max-width: 598px) 100vw, 598px\" \/><\/figure>\n\n\n\n<p>Informa\u00e7\u00f5es da 8\u00aa CIPM e Corpo de Bombeiros<\/p>\n\n\n\n<figure class=\"wp-block-image size-large\"><img loading=\"lazy\" decoding=\"async\" width=\"819\" height=\"1024\" src=\"https:\/\/radiostudiow.com.br\/site\/wp-content\/uploads\/2024\/12\/image-20-819x1024.png\" alt=\"\" class=\"wp-image-31176\" srcset=\"https:\/\/radiostudiow.com.br\/site\/wp-content\/uploads\/2024\/12\/image-20-819x1024.png 819w, https:\/\/radiostudiow.com.br\/site\/wp-content\/uploads\/2024\/12\/image-20-240x300.png 240w, https:\/\/radiostudiow.com.br\/site\/wp-content\/uploads\/2024\/12\/image-20-768x960.png 768w, https:\/\/radiostudiow.com.br\/site\/wp-content\/uploads\/2024\/12\/image-20.png 1080w\" sizes=\"auto, (max-width: 819px) 100vw, 819px\" \/><figcaption class=\"wp-element-caption\"><em>Foto: Reprodu\u00e7\u00e3o Redes Sociais<\/em><\/figcaption><\/figure>\n\n\n\n<figure class=\"wp-block-video\"><video controls src=\"https:\/\/radiostudiow.com.br\/site\/wp-content\/uploads\/2024\/12\/WhatsApp-Video-2024-12-04-at-08.44.50.mp4\"><\/video><figcaption class=\"wp-element-caption\"><em>V\u00eddeo: Reprodu\u00e7\u00e3o Redes Sociais<\/em><\/figcaption><\/figure>\n\n\n\n<figure class=\"wp-block-video\"><video controls src=\"https:\/\/radiostudiow.com.br\/site\/wp-content\/uploads\/2024\/12\/WhatsApp-Video-2024-12-04-at-08.44.50-1.mp4\"><\/video><figcaption class=\"wp-element-caption\"><em>V\u00eddeo: Reprodu\u00e7\u00e3o Redes Sociais<\/em><\/figcaption><\/figure>\n","protected":false},"excerpt":{"rendered":"<p>Um homem de 61 anos sofreu ferimentos leves ap\u00f3s um acidente envolvendo tr\u00eas ve\u00edculos no cruzamento das ruas Coronel Gracia e Munhoz da Rocha, no centro de Irati, na tarde de ter\u00e7a-feira (03). O acidente chamou a aten\u00e7\u00e3o de pedestres e motoristas que passavam pelo local. AFUBRA IRATI: \ud83d\udcde(42) 3421-1700\ud83d\udccd Rua Coronel Emilio Gomes, 399, [&hellip;]<\/p>\n","protected":false},"author":2,"featured_media":31175,"comment_status":"open","ping_status":"open","sticky":false,"template":"","format":"standard","meta":{"footnotes":""},"categories":[185],"tags":[172],"class_list":["post-31174","post","type-post","status-publish","format-standard","has-post-thumbnail","hentry","category-regional","tag-featured"],"amp_enabled":true,"_links":{"self":[{"href":"https:\/\/radiostudiow.com.br\/site\/wp-json\/wp\/v2\/posts\/31174","targetHints":{"allow":["GET"]}}],"collection":[{"href":"https:\/\/radiostudiow.com.br\/site\/wp-json\/wp\/v2\/posts"}],"about":[{"href":"https:\/\/radiostudiow.com.br\/site\/wp-json\/wp\/v2\/types\/post"}],"author":[{"embeddable":true,"href":"https:\/\/radiostudiow.com.br\/site\/wp-json\/wp\/v2\/users\/2"}],"replies":[{"embeddable":true,"href":"https:\/\/radiostudiow.com.br\/site\/wp-json\/wp\/v2\/comments?post=31174"}],"version-history":[{"count":1,"href":"https:\/\/radiostudiow.com.br\/site\/wp-json\/wp\/v2\/posts\/31174\/revisions"}],"predecessor-version":[{"id":31180,"href":"https:\/\/radiostudiow.com.br\/site\/wp-json\/wp\/v2\/posts\/31174\/revisions\/31180"}],"wp:featuredmedia":[{"embeddable":true,"href":"https:\/\/radiostudiow.com.br\/site\/wp-json\/wp\/v2\/media\/31175"}],"wp:attachment":[{"href":"https:\/\/radiostudiow.com.br\/site\/wp-json\/wp\/v2\/media?parent=31174"}],"wp:term":[{"taxonomy":"category","embeddable":true,"href":"https:\/\/radiostudiow.com.br\/site\/wp-json\/wp\/v2\/categories?post=31174"},{"taxonomy":"post_tag","embeddable":true,"href":"https:\/\/radiostudiow.com.br\/site\/wp-json\/wp\/v2\/tags?post=31174"}],"curies":[{"name":"wp","href":"https:\/\/api.w.org\/{rel}","templated":true}]}}