{"id":31193,"date":"2024-12-06T09:33:53","date_gmt":"2024-12-06T12:33:53","guid":{"rendered":"https:\/\/radiostudiow.com.br\/site\/?p=31193"},"modified":"2025-01-31T14:58:08","modified_gmt":"2025-01-31T17:58:08","slug":"video-de-cameras-de-seguranca-mostra-momento-do-acidente-envolvendo-viatura-da-pm-em-uniao-da-vitoria","status":"publish","type":"post","link":"https:\/\/radiostudiow.com.br\/site\/2024\/12\/06\/video-de-cameras-de-seguranca-mostra-momento-do-acidente-envolvendo-viatura-da-pm-em-uniao-da-vitoria\/","title":{"rendered":"V\u00eddeo de c\u00e2mera de seguran\u00e7a mostra momento do acidente envolvendo viatura da PM em Uni\u00e3o da Vit\u00f3ria"},"content":{"rendered":"\n<p>Um acidente foi registrado no cruzamento das Rua Professora Amaz\u00edlia e Costa Carvalho no centro de Uni\u00e3o da Vit\u00f3ria por volta das 18h30 desta quinta-feira (05). O acidente ocorreu no cruzamento da rua Professora Amazilia e rua Costa Carvalho.<\/p>\n\n\n\n<div class=\"wp-block-media-text is-stacked-on-mobile\"><figure class=\"wp-block-media-text__media\"><img decoding=\"async\" src=\"https:\/\/radiostudiow.com.br\/site\/wp-content\/uploads\/2024\/12\/46114-Aniversario-Afubra-Irati_Post-1024x1024.jpg\" alt=\"\" class=\"wp-image-31135 size-full\"\/><\/figure><div class=\"wp-block-media-text__content\">\n<p>AFUBRA IRATI: \ud83d\udcde(42) 3421-1700<br>\ud83d\udccd Rua Coronel Emilio Gomes, 399, Centro &#8211; Irati &#8211; PR<\/p>\n\n\n\n<p>AFUBRA IMBITUVA: \ud83d\udcde(42) 3436-84003<br>\ud83d\udccd RUA Jacobe Brener, 830 &#8211; Centro, Imbituva &#8211; PR<\/p>\n\n\n\n<p><a href=\"https:\/\/www.lojasafubra.com.br\">https:\/\/www.lojasafubra.com.br<\/a><\/p>\n<\/div><\/div>\n\n\n\n<p>A situa\u00e7\u00e3o envolveu um ve\u00edculo Jeep\/Renegade com placas de Fortaleza (CE) e uma viatura Mitsubishi\/ L200 da da Pol\u00edcia Militar do Paran\u00e1, que com o impacto da colis\u00e3o tombou na via.  Com o impacto, a viatura capotou e a uma policial foi ejetada para fora da viatura. No Jeep estavam tr\u00eas pessoas que tamb\u00e9m foram encaminhadas para cuidados m\u00e9dicos.<\/p>\n\n\n\n<p>Conforme informa\u00e7\u00f5es, a viatura de Ponta Grossa estava em Uni\u00e3o da Vit\u00f3ria prestando apoio a uma opera\u00e7\u00e3o na regi\u00e3o e no momento do acidente estava em deslocamento para a cidade de S\u00e3o Mateus do Sul.<\/p>\n\n\n\n<p>Equipes do SAMU e do Corpo de Bombeiros de Uni\u00e3o da Vit\u00f3ria e de Porto Uni\u00e3o atenderam a situa\u00e7\u00e3o.<\/p>\n\n\n\n<figure class=\"wp-block-gallery has-nested-images columns-default is-cropped wp-block-gallery-1 is-layout-flex wp-block-gallery-is-layout-flex\">\n<figure class=\"wp-block-image size-large\"><img decoding=\"async\" data-id=\"31197\" src=\"https:\/\/radiostudiow.com.br\/site\/wp-content\/uploads\/2024\/12\/469123826_1067698055367090_8061239310061310478_n-1024x1000.jpg\" alt=\"\" class=\"wp-image-31197\"\/><\/figure>\n\n\n\n<figure class=\"wp-block-image size-large\"><img decoding=\"async\" data-id=\"31198\" src=\"https:\/\/radiostudiow.com.br\/site\/wp-content\/uploads\/2024\/12\/b9c570fe-ae48-43a6-a20b-4bb7fa6551ac-1024x1000.jpeg\" alt=\"\" class=\"wp-image-31198\"\/><\/figure>\n<\/figure>\n\n\n\n<figure class=\"wp-block-image size-full\"><img loading=\"lazy\" decoding=\"async\" width=\"600\" height=\"600\" src=\"https:\/\/radiostudiow.com.br\/site\/wp-content\/uploads\/2024\/12\/image-22.png\" alt=\"\" class=\"wp-image-31194\" srcset=\"https:\/\/radiostudiow.com.br\/site\/wp-content\/uploads\/2024\/12\/image-22.png 600w, https:\/\/radiostudiow.com.br\/site\/wp-content\/uploads\/2024\/12\/image-22-300x300.png 300w, https:\/\/radiostudiow.com.br\/site\/wp-content\/uploads\/2024\/12\/image-22-80x80.png 80w\" sizes=\"auto, (max-width: 600px) 100vw, 600px\" \/><figcaption class=\"wp-element-caption\">Foto: Assis Krebs<\/figcaption><\/figure>\n\n\n\n<h2 class=\"wp-block-heading\">VEJA O V\u00cdDEO:<\/h2>\n\n\n\n<figure class=\"wp-block-video\"><video height=\"478\" style=\"aspect-ratio: 848 \/ 478;\" width=\"848\" controls src=\"https:\/\/radiostudiow.com.br\/site\/wp-content\/uploads\/2024\/12\/WhatsApp-Video-2024-12-05-at-21.18.05-1.mp4\"><\/video><\/figure>\n","protected":false},"excerpt":{"rendered":"<p>Um acidente foi registrado no cruzamento das Rua Professora Amaz\u00edlia e Costa Carvalho no centro de Uni\u00e3o da Vit\u00f3ria por volta das 18h30 desta quinta-feira (05). O acidente ocorreu no cruzamento da rua Professora Amazilia e rua Costa Carvalho. AFUBRA IRATI: \ud83d\udcde(42) 3421-1700\ud83d\udccd Rua Coronel Emilio Gomes, 399, Centro &#8211; Irati &#8211; PR AFUBRA IMBITUVA: [&hellip;]<\/p>\n","protected":false},"author":2,"featured_media":31195,"comment_status":"open","ping_status":"open","sticky":false,"template":"","format":"standard","meta":{"footnotes":""},"categories":[2],"tags":[172],"class_list":["post-31193","post","type-post","status-publish","format-standard","has-post-thumbnail","hentry","category-policial","tag-featured"],"amp_enabled":true,"_links":{"self":[{"href":"https:\/\/radiostudiow.com.br\/site\/wp-json\/wp\/v2\/posts\/31193","targetHints":{"allow":["GET"]}}],"collection":[{"href":"https:\/\/radiostudiow.com.br\/site\/wp-json\/wp\/v2\/posts"}],"about":[{"href":"https:\/\/radiostudiow.com.br\/site\/wp-json\/wp\/v2\/types\/post"}],"author":[{"embeddable":true,"href":"https:\/\/radiostudiow.com.br\/site\/wp-json\/wp\/v2\/users\/2"}],"replies":[{"embeddable":true,"href":"https:\/\/radiostudiow.com.br\/site\/wp-json\/wp\/v2\/comments?post=31193"}],"version-history":[{"count":2,"href":"https:\/\/radiostudiow.com.br\/site\/wp-json\/wp\/v2\/posts\/31193\/revisions"}],"predecessor-version":[{"id":31212,"href":"https:\/\/radiostudiow.com.br\/site\/wp-json\/wp\/v2\/posts\/31193\/revisions\/31212"}],"wp:featuredmedia":[{"embeddable":true,"href":"https:\/\/radiostudiow.com.br\/site\/wp-json\/wp\/v2\/media\/31195"}],"wp:attachment":[{"href":"https:\/\/radiostudiow.com.br\/site\/wp-json\/wp\/v2\/media?parent=31193"}],"wp:term":[{"taxonomy":"category","embeddable":true,"href":"https:\/\/radiostudiow.com.br\/site\/wp-json\/wp\/v2\/categories?post=31193"},{"taxonomy":"post_tag","embeddable":true,"href":"https:\/\/radiostudiow.com.br\/site\/wp-json\/wp\/v2\/tags?post=31193"}],"curies":[{"name":"wp","href":"https:\/\/api.w.org\/{rel}","templated":true}]}}