{"id":31201,"date":"2024-12-06T09:41:46","date_gmt":"2024-12-06T12:41:46","guid":{"rendered":"https:\/\/radiostudiow.com.br\/site\/?p=31201"},"modified":"2025-01-31T14:58:08","modified_gmt":"2025-01-31T17:58:08","slug":"homem-acusado-de-estupro-de-vulneravel-foi-preso","status":"publish","type":"post","link":"https:\/\/radiostudiow.com.br\/site\/2024\/12\/06\/homem-acusado-de-estupro-de-vulneravel-foi-preso\/","title":{"rendered":"Homem acusado de estupro de vulner\u00e1vel foi preso"},"content":{"rendered":"\n<p>A equipe da Pol\u00edcia Militar de S\u00e3o Mateus do Sul ciente de um mandado de pris\u00e3o expedido contra um homem pelo crime de\u00a0estupro de vulner\u00e1vel,\u00a0realizou dilig\u00eancias para localiz\u00e1-lo por volta das 14:45 horas da tarde desta quinta-feira (05).<\/p>\n\n\n\n<figure class=\"wp-block-image size-full\"><img loading=\"lazy\" decoding=\"async\" width=\"900\" height=\"408\" src=\"https:\/\/radiostudiow.com.br\/site\/wp-content\/uploads\/2024\/09\/image-64-1.png\" alt=\"\" class=\"wp-image-28207\" srcset=\"https:\/\/radiostudiow.com.br\/site\/wp-content\/uploads\/2024\/09\/image-64-1.png 900w, https:\/\/radiostudiow.com.br\/site\/wp-content\/uploads\/2024\/09\/image-64-1-300x136.png 300w, https:\/\/radiostudiow.com.br\/site\/wp-content\/uploads\/2024\/09\/image-64-1-768x348.png 768w\" sizes=\"auto, (max-width: 900px) 100vw, 900px\" \/><\/figure>\n\n\n\n<p>O suspeito foi avistado em frente \u00e0 sua resid\u00eancia, onde foi abordado pela pol\u00edcia. Foi dado voz de pris\u00e3o ao homem, que foi conduzido ao Departamento Penitenci\u00e1rio (DEPEN) de S\u00e3o Mateus do Sul, para os procedimentos legais.<\/p>\n","protected":false},"excerpt":{"rendered":"<p>A equipe da Pol\u00edcia Militar de S\u00e3o Mateus do Sul ciente de um mandado de pris\u00e3o expedido contra um homem pelo crime de\u00a0estupro de vulner\u00e1vel,\u00a0realizou dilig\u00eancias para localiz\u00e1-lo por volta das 14:45 horas da tarde desta quinta-feira (05). O suspeito foi avistado em frente \u00e0 sua resid\u00eancia, onde foi abordado pela pol\u00edcia. Foi dado voz [&hellip;]<\/p>\n","protected":false},"author":2,"featured_media":31202,"comment_status":"open","ping_status":"open","sticky":false,"template":"","format":"standard","meta":{"footnotes":""},"categories":[2],"tags":[172],"class_list":["post-31201","post","type-post","status-publish","format-standard","has-post-thumbnail","hentry","category-policial","tag-featured"],"amp_enabled":true,"_links":{"self":[{"href":"https:\/\/radiostudiow.com.br\/site\/wp-json\/wp\/v2\/posts\/31201","targetHints":{"allow":["GET"]}}],"collection":[{"href":"https:\/\/radiostudiow.com.br\/site\/wp-json\/wp\/v2\/posts"}],"about":[{"href":"https:\/\/radiostudiow.com.br\/site\/wp-json\/wp\/v2\/types\/post"}],"author":[{"embeddable":true,"href":"https:\/\/radiostudiow.com.br\/site\/wp-json\/wp\/v2\/users\/2"}],"replies":[{"embeddable":true,"href":"https:\/\/radiostudiow.com.br\/site\/wp-json\/wp\/v2\/comments?post=31201"}],"version-history":[{"count":1,"href":"https:\/\/radiostudiow.com.br\/site\/wp-json\/wp\/v2\/posts\/31201\/revisions"}],"predecessor-version":[{"id":31203,"href":"https:\/\/radiostudiow.com.br\/site\/wp-json\/wp\/v2\/posts\/31201\/revisions\/31203"}],"wp:featuredmedia":[{"embeddable":true,"href":"https:\/\/radiostudiow.com.br\/site\/wp-json\/wp\/v2\/media\/31202"}],"wp:attachment":[{"href":"https:\/\/radiostudiow.com.br\/site\/wp-json\/wp\/v2\/media?parent=31201"}],"wp:term":[{"taxonomy":"category","embeddable":true,"href":"https:\/\/radiostudiow.com.br\/site\/wp-json\/wp\/v2\/categories?post=31201"},{"taxonomy":"post_tag","embeddable":true,"href":"https:\/\/radiostudiow.com.br\/site\/wp-json\/wp\/v2\/tags?post=31201"}],"curies":[{"name":"wp","href":"https:\/\/api.w.org\/{rel}","templated":true}]}}