{"id":31209,"date":"2024-12-06T09:50:13","date_gmt":"2024-12-06T12:50:13","guid":{"rendered":"https:\/\/radiostudiow.com.br\/site\/?p=31209"},"modified":"2025-01-31T14:58:08","modified_gmt":"2025-01-31T17:58:08","slug":"homem-e-conduzido-novamente-ao-depen-por-descumprir-pena","status":"publish","type":"post","link":"https:\/\/radiostudiow.com.br\/site\/2024\/12\/06\/homem-e-conduzido-novamente-ao-depen-por-descumprir-pena\/","title":{"rendered":"Homem \u00e9 conduzido novamente ao Depen por descumprir pena em Uni\u00e3o da Vit\u00f3ria"},"content":{"rendered":"\n<p>A equipe da Pol\u00edcia Militar cumpriu um mandado de pris\u00e3o, expedido pela Vara Criminal de Uni\u00e3o da Vit\u00f3ria, para regresso cautelar, contra um homem em S\u00e3o Crist\u00f3v\u00e3o por volta das 11:20 horas da manh\u00e3 desta quinta-feira (05).<\/p>\n\n\n\n<figure class=\"wp-block-image size-full\"><img loading=\"lazy\" decoding=\"async\" width=\"897\" height=\"204\" src=\"https:\/\/radiostudiow.com.br\/site\/wp-content\/uploads\/2024\/11\/image-49.png\" alt=\"\" class=\"wp-image-30017\" srcset=\"https:\/\/radiostudiow.com.br\/site\/wp-content\/uploads\/2024\/11\/image-49.png 897w, https:\/\/radiostudiow.com.br\/site\/wp-content\/uploads\/2024\/11\/image-49-300x68.png 300w, https:\/\/radiostudiow.com.br\/site\/wp-content\/uploads\/2024\/11\/image-49-768x175.png 768w\" sizes=\"auto, (max-width: 897px) 100vw, 897px\" \/><\/figure>\n\n\n\n<p>O mandado foi realizado ap\u00f3s a equipe se deslocar at\u00e9 a resid\u00eancia do acusado, onde ele foi localizado e informado sobre seus direitos. O homem foi ent\u00e3o conduzido ao Departamento Penitenci\u00e1rio (DEPEN), onde ficar\u00e1 \u00e0 disposi\u00e7\u00e3o da Justi\u00e7a.<\/p>\n\n\n\n<p><em><strong>O que \u00e9 regress\u00e3o cautelar: <\/strong>\u00e9 a transfer\u00eancia de um reeducando de um regime mais brando de cumprimento de pena (aberto ou semiaberto) para um regime mais severo (semiaberto ou fechado) em decorr\u00eancia de atitude cometida pelo apenado no decorrer do cumprimento de sua pena.<\/em><\/p>\n","protected":false},"excerpt":{"rendered":"<p>A equipe da Pol\u00edcia Militar cumpriu um mandado de pris\u00e3o, expedido pela Vara Criminal de Uni\u00e3o da Vit\u00f3ria, para regresso cautelar, contra um homem em S\u00e3o Crist\u00f3v\u00e3o por volta das 11:20 horas da manh\u00e3 desta quinta-feira (05). O mandado foi realizado ap\u00f3s a equipe se deslocar at\u00e9 a resid\u00eancia do acusado, onde ele foi localizado [&hellip;]<\/p>\n","protected":false},"author":2,"featured_media":31210,"comment_status":"open","ping_status":"open","sticky":false,"template":"","format":"standard","meta":{"footnotes":""},"categories":[2],"tags":[172],"class_list":["post-31209","post","type-post","status-publish","format-standard","has-post-thumbnail","hentry","category-policial","tag-featured"],"amp_enabled":true,"_links":{"self":[{"href":"https:\/\/radiostudiow.com.br\/site\/wp-json\/wp\/v2\/posts\/31209","targetHints":{"allow":["GET"]}}],"collection":[{"href":"https:\/\/radiostudiow.com.br\/site\/wp-json\/wp\/v2\/posts"}],"about":[{"href":"https:\/\/radiostudiow.com.br\/site\/wp-json\/wp\/v2\/types\/post"}],"author":[{"embeddable":true,"href":"https:\/\/radiostudiow.com.br\/site\/wp-json\/wp\/v2\/users\/2"}],"replies":[{"embeddable":true,"href":"https:\/\/radiostudiow.com.br\/site\/wp-json\/wp\/v2\/comments?post=31209"}],"version-history":[{"count":2,"href":"https:\/\/radiostudiow.com.br\/site\/wp-json\/wp\/v2\/posts\/31209\/revisions"}],"predecessor-version":[{"id":31214,"href":"https:\/\/radiostudiow.com.br\/site\/wp-json\/wp\/v2\/posts\/31209\/revisions\/31214"}],"wp:featuredmedia":[{"embeddable":true,"href":"https:\/\/radiostudiow.com.br\/site\/wp-json\/wp\/v2\/media\/31210"}],"wp:attachment":[{"href":"https:\/\/radiostudiow.com.br\/site\/wp-json\/wp\/v2\/media?parent=31209"}],"wp:term":[{"taxonomy":"category","embeddable":true,"href":"https:\/\/radiostudiow.com.br\/site\/wp-json\/wp\/v2\/categories?post=31209"},{"taxonomy":"post_tag","embeddable":true,"href":"https:\/\/radiostudiow.com.br\/site\/wp-json\/wp\/v2\/tags?post=31209"}],"curies":[{"name":"wp","href":"https:\/\/api.w.org\/{rel}","templated":true}]}}