{"id":31226,"date":"2024-12-06T10:15:22","date_gmt":"2024-12-06T13:15:22","guid":{"rendered":"https:\/\/radiostudiow.com.br\/site\/?p=31226"},"modified":"2025-01-31T14:58:08","modified_gmt":"2025-01-31T17:58:08","slug":"homem-procurou-a-policia-apos-furtarem-seu-carro-em-general-carneiro","status":"publish","type":"post","link":"https:\/\/radiostudiow.com.br\/site\/2024\/12\/06\/homem-procurou-a-policia-apos-furtarem-seu-carro-em-general-carneiro\/","title":{"rendered":"Homem procurou a pol\u00edcia ap\u00f3s furtarem seu carro em General Carneiro"},"content":{"rendered":"\n<p>Um homem compareceu ao Destacamento da Pol\u00edcia Militar de General Carneiro por volta das 08 horas dessa quarta-feira, 04 de dezembro, para registrar um boletim de furto do seu ve\u00edculo.<\/p>\n\n\n\n<figure class=\"wp-block-image size-full\"><img loading=\"lazy\" decoding=\"async\" width=\"897\" height=\"204\" src=\"https:\/\/radiostudiow.com.br\/site\/wp-content\/uploads\/2024\/08\/TIJOLAO.png\" alt=\"\" class=\"wp-image-25951\" srcset=\"https:\/\/radiostudiow.com.br\/site\/wp-content\/uploads\/2024\/08\/TIJOLAO.png 897w, https:\/\/radiostudiow.com.br\/site\/wp-content\/uploads\/2024\/08\/TIJOLAO-300x68.png 300w, https:\/\/radiostudiow.com.br\/site\/wp-content\/uploads\/2024\/08\/TIJOLAO-768x175.png 768w\" sizes=\"auto, (max-width: 897px) 100vw, 897px\" \/><\/figure>\n\n\n\n<p>Ele relatou que na noite anterior, deixou seu ve\u00edculo Fiat Uno Mille Fire estacionado em frente da sua resid\u00eancia e nesta manh\u00e3 ao acordar, percebeu que o ve\u00edculo n\u00e3o se encontrava mais no local que estava estacionado.<\/p>\n\n\n\n<p>Ele chegou a perguntar aos vizinhos se viram alguma movimenta\u00e7\u00e3o estranha ou o pr\u00f3prio carro, por\u00e9m, ningu\u00e9m soube informar nada.<\/p>\n\n\n\n<p>Diante da situa\u00e7\u00e3o a v\u00edtima foi orientada pela equipe policial quanto aos procedimentos cab\u00edveis.<\/p>\n","protected":false},"excerpt":{"rendered":"<p>Um homem compareceu ao Destacamento da Pol\u00edcia Militar de General Carneiro por volta das 08 horas dessa quarta-feira, 04 de dezembro, para registrar um boletim de furto do seu ve\u00edculo. Ele relatou que na noite anterior, deixou seu ve\u00edculo Fiat Uno Mille Fire estacionado em frente da sua resid\u00eancia e nesta manh\u00e3 ao acordar, percebeu [&hellip;]<\/p>\n","protected":false},"author":2,"featured_media":31228,"comment_status":"open","ping_status":"open","sticky":false,"template":"","format":"standard","meta":{"footnotes":""},"categories":[2],"tags":[172],"class_list":["post-31226","post","type-post","status-publish","format-standard","has-post-thumbnail","hentry","category-policial","tag-featured"],"amp_enabled":true,"_links":{"self":[{"href":"https:\/\/radiostudiow.com.br\/site\/wp-json\/wp\/v2\/posts\/31226","targetHints":{"allow":["GET"]}}],"collection":[{"href":"https:\/\/radiostudiow.com.br\/site\/wp-json\/wp\/v2\/posts"}],"about":[{"href":"https:\/\/radiostudiow.com.br\/site\/wp-json\/wp\/v2\/types\/post"}],"author":[{"embeddable":true,"href":"https:\/\/radiostudiow.com.br\/site\/wp-json\/wp\/v2\/users\/2"}],"replies":[{"embeddable":true,"href":"https:\/\/radiostudiow.com.br\/site\/wp-json\/wp\/v2\/comments?post=31226"}],"version-history":[{"count":1,"href":"https:\/\/radiostudiow.com.br\/site\/wp-json\/wp\/v2\/posts\/31226\/revisions"}],"predecessor-version":[{"id":31229,"href":"https:\/\/radiostudiow.com.br\/site\/wp-json\/wp\/v2\/posts\/31226\/revisions\/31229"}],"wp:featuredmedia":[{"embeddable":true,"href":"https:\/\/radiostudiow.com.br\/site\/wp-json\/wp\/v2\/media\/31228"}],"wp:attachment":[{"href":"https:\/\/radiostudiow.com.br\/site\/wp-json\/wp\/v2\/media?parent=31226"}],"wp:term":[{"taxonomy":"category","embeddable":true,"href":"https:\/\/radiostudiow.com.br\/site\/wp-json\/wp\/v2\/categories?post=31226"},{"taxonomy":"post_tag","embeddable":true,"href":"https:\/\/radiostudiow.com.br\/site\/wp-json\/wp\/v2\/tags?post=31226"}],"curies":[{"name":"wp","href":"https:\/\/api.w.org\/{rel}","templated":true}]}}