{"id":31232,"date":"2024-12-06T11:41:04","date_gmt":"2024-12-06T14:41:04","guid":{"rendered":"https:\/\/radiostudiow.com.br\/site\/?p=31232"},"modified":"2025-01-31T14:58:08","modified_gmt":"2025-01-31T17:58:08","slug":"frente-fria-traz-chuvas-volumosas-e-temporais-ao-parana","status":"publish","type":"post","link":"https:\/\/radiostudiow.com.br\/site\/2024\/12\/06\/frente-fria-traz-chuvas-volumosas-e-temporais-ao-parana\/","title":{"rendered":"Frente fria traz chuvas volumosas e temporais ao Paran\u00e1"},"content":{"rendered":"\n<p><em>Frente fria provoca chuvas intensas e temporais no Paran\u00e1; acumulados podem ultrapassar 200mm em diversas regi\u00f5es at\u00e9 ter\u00e7a-feira (10)<\/em>.<\/p>\n\n\n\n<h2 class=\"wp-block-heading\">Alerta para chuvas intensas e risco de enchentes no fim de semana para o Sul do pa\u00eds<\/h2>\n\n\n\n<p><em>Os estados do Paran\u00e1, Santa Catarina e o norte do Rio Grande do Sul enfrentam uma previs\u00e3o preocupante para o pr\u00f3ximo final de semana, com chuvas intensas previstas entre 6 e 10 de dezembro, especialmente no s\u00e1bado e domingo (07 e 08). Segundo modelos meteorol\u00f3gicos, o volume de precipita\u00e7\u00e3o pode provocar alagamentos e enchentes em diversas \u00e1reas.<\/em><\/p>\n\n\n\n<figure class=\"wp-block-image size-large\"><img decoding=\"async\" src=\"https:\/\/radiostudiow.com.br\/site\/wp-content\/uploads\/2024\/12\/2PREVISAO-DO-TEMPO-1024x576.png\" alt=\"\" class=\"wp-image-31240\"\/><\/figure>\n\n\n\n<p><br><em><strong>As regi\u00f5es mais cr\u00edticas s\u00e3o: Vale do Rio Igua\u00e7u, Vale do Rio Uruguai, Vale do Rio do Peixe e Vale do Rio Itaja\u00ed.<\/strong><\/em><\/p>\n\n\n\n<figure class=\"wp-block-image size-large\"><img decoding=\"async\" src=\"https:\/\/radiostudiow.com.br\/site\/wp-content\/uploads\/2024\/12\/PREVISAO-DO-TEMPO-1024x576.png\" alt=\"\" class=\"wp-image-31239\"\/><\/figure>\n\n\n\n<p>O Paran\u00e1 enfrenta um per\u00edodo de alerta para temporais e chuvas volumosas nos pr\u00f3ximos dias. O destaque est\u00e1 nos elevados volumes de chuva, principalmente na faixa sul do estado, onde os acumulados podem superar&nbsp;<strong>200mm<\/strong>&nbsp;at\u00e9 a pr\u00f3xima ter\u00e7a-feira, 10 de dezembro de 2024.<\/p>\n\n\n\n<h2 class=\"wp-block-heading\">Alerta para temporais nesta sexta-feira (06)<\/h2>\n\n\n\n<p>Nesta sexta-feira, o forte transporte de umidade da faixa norte intensifica a chuva sobre o estado. Al\u00e9m disso, o deslocamento lento de uma frente fria sobre o Paran\u00e1, elevar\u00e1 os volumes de chuva ao longo dos pr\u00f3ximos dias. O alerta principal de temporais \u00e9 para as regi\u00f5es\u00a0<strong>oeste, sudoeste, centro-sul e sudeste<\/strong>\u00a0do Paran\u00e1. Para as regi\u00f5es\u00a0<strong>centro-ocidental, noroeste, Norte Pioneiro, centro-oriental e Regi\u00e3o Metropolitana de\u00a0<a href=\"https:\/\/www.climatempo.com.br\/previsao-do-tempo\/cidade\/271\/curitiba-pr\" target=\"_blank\" rel=\"noreferrer noopener\">Curitiba<\/a><\/strong>, a chuva chega com moderada a forte intensidade.<\/p>\n\n\n\n<p>Os ventos, tamb\u00e9m sopram com intensidade nesta sexta-feira. Para \u00e1reas em amarelo no mapa as rajadas de vento sopram entre\u00a0<strong>51 e 70 km\/h incluindo Regi\u00e3o Metropolitana de Curitiba<\/strong>. Para as regi\u00f5es\u00a0<strong>centro-ocidental, noroeste, Norte Pioneiro, centro-oriental<\/strong>, as rajadas de vento variaram entre\u00a0<strong>40 e 50 km\/h<\/strong>.<\/p>\n\n\n\n<figure class=\"wp-block-image size-large\"><img loading=\"lazy\" decoding=\"async\" width=\"1024\" height=\"576\" src=\"https:\/\/radiostudiow.com.br\/site\/wp-content\/uploads\/2024\/12\/image-29-1024x576.png\" alt=\"\" class=\"wp-image-31237\" srcset=\"https:\/\/radiostudiow.com.br\/site\/wp-content\/uploads\/2024\/12\/image-29-1024x576.png 1024w, https:\/\/radiostudiow.com.br\/site\/wp-content\/uploads\/2024\/12\/image-29-300x169.png 300w, https:\/\/radiostudiow.com.br\/site\/wp-content\/uploads\/2024\/12\/image-29-768x432.png 768w, https:\/\/radiostudiow.com.br\/site\/wp-content\/uploads\/2024\/12\/image-29-1536x864.png 1536w, https:\/\/radiostudiow.com.br\/site\/wp-content\/uploads\/2024\/12\/image-29.png 1920w\" sizes=\"auto, (max-width: 1024px) 100vw, 1024px\" \/><figcaption class=\"wp-element-caption\">Figura 2- Mapa de ventos para esta sexta-feira 06 de dezembro de 2024. Fonte: Climatempo<\/figcaption><\/figure>\n\n\n\n<h2 class=\"wp-block-heading\">Acumulados significativos at\u00e9 ter\u00e7a-feira (10)<\/h2>\n\n\n\n<p>A chuva persistente, provocada pelo deslocamento lento da frente fria, resultar\u00e1 em acumulados significativos em v\u00e1rias regi\u00f5es do estado.<\/p>\n\n\n\n<h4 class=\"wp-block-heading\"><strong>Destaques por regi\u00e3o:<\/strong><\/h4>\n\n\n\n<ul class=\"wp-block-list\">\n<li><strong>Regi\u00f5es oeste, centro-sul, sudoeste, centro ocidental, sudeste e Metropolitana de Curitiba:<\/strong>\u00a0Os acumulados de chuva podem superar\u00a0<strong>200mm<\/strong>, representando risco elevado de alagamentos e enxurradas.<\/li>\n\n\n\n<li><strong>Regi\u00f5es em roxo no mapa (principalmente sudoeste, centro-sul, sudeste):<\/strong>\u00a0Nesses locais, os acumulados podem ultrapassar\u00a0<strong>300mm<\/strong>, intensificando ainda mais os riscos de deslizamentos e enchentes.<\/li>\n\n\n\n<li><strong>Demais regi\u00f5es do estado:<\/strong>\u00a0Acumulados menores, mas ainda significativos, com volumes que podem variar entre\u00a0<strong>50 e 150mm<\/strong>.<\/li>\n<\/ul>\n\n\n\n<figure class=\"wp-block-image size-full\"><img loading=\"lazy\" decoding=\"async\" width=\"1024\" height=\"223\" src=\"https:\/\/radiostudiow.com.br\/site\/wp-content\/uploads\/2024\/12\/image-30.png\" alt=\"\" class=\"wp-image-31238\" srcset=\"https:\/\/radiostudiow.com.br\/site\/wp-content\/uploads\/2024\/12\/image-30.png 1024w, https:\/\/radiostudiow.com.br\/site\/wp-content\/uploads\/2024\/12\/image-30-300x65.png 300w, https:\/\/radiostudiow.com.br\/site\/wp-content\/uploads\/2024\/12\/image-30-768x167.png 768w\" sizes=\"auto, (max-width: 1024px) 100vw, 1024px\" \/><figcaption class=\"wp-element-caption\"><em>Figura 3- Mapa de acumulados entre 6 de dezembro de 2024 de 10 de dezembro de 2024. Fonte: Climatempo<\/em><\/figcaption><\/figure>\n\n\n\n<h2 class=\"wp-block-heading\">Impactos e recomenda\u00e7\u00f5es<\/h2>\n\n\n\n<p>O per\u00edodo prolongado de chuva exige aten\u00e7\u00e3o redobrada, especialmente nas \u00e1reas mais afetadas. A Defesa Civil recomenda:<\/p>\n\n\n\n<ul class=\"wp-block-list\">\n<li><strong>Evitar \u00e1reas de risco<\/strong>, como encostas e regi\u00f5es baixas sujeitas a alagamentos;<\/li>\n\n\n\n<li><strong>Acompanhar os alertas meteorol\u00f3gicos<\/strong>\u00a0e seguir as orienta\u00e7\u00f5es das autoridades locais;<\/li>\n\n\n\n<li><strong>Evitar deslocamentos desnecess\u00e1rios<\/strong>\u00a0em \u00e1reas alagadas ou durante temporais;<\/li>\n\n\n\n<li><strong>Manter-se longe de \u00e1rvores e redes el\u00e9tricas<\/strong>\u00a0durante rajadas de vento.<\/li>\n\n\n\n<li><a href=\"https:\/\/business2.climatempoconsultoria.com.br\/produtos-periodo-chuvoso\" target=\"_blank\" rel=\"noreferrer noopener\"><\/a><\/li>\n<\/ul>\n\n\n\n<p><em><strong>Fonte: <a href=\"https:\/\/www.climatempo.com.br\/\">Climatempo.com.br\/<\/a><\/strong><\/em><\/p>\n","protected":false},"excerpt":{"rendered":"<p>Frente fria provoca chuvas intensas e temporais no Paran\u00e1; acumulados podem ultrapassar 200mm em diversas regi\u00f5es at\u00e9 ter\u00e7a-feira (10). Alerta para chuvas intensas e risco de enchentes no fim de semana para o Sul do pa\u00eds Os estados do Paran\u00e1, Santa Catarina e o norte do Rio Grande do Sul enfrentam uma previs\u00e3o preocupante para [&hellip;]<\/p>\n","protected":false},"author":2,"featured_media":31236,"comment_status":"open","ping_status":"open","sticky":false,"template":"","format":"standard","meta":{"footnotes":""},"categories":[185],"tags":[172],"class_list":["post-31232","post","type-post","status-publish","format-standard","has-post-thumbnail","hentry","category-regional","tag-featured"],"amp_enabled":true,"_links":{"self":[{"href":"https:\/\/radiostudiow.com.br\/site\/wp-json\/wp\/v2\/posts\/31232","targetHints":{"allow":["GET"]}}],"collection":[{"href":"https:\/\/radiostudiow.com.br\/site\/wp-json\/wp\/v2\/posts"}],"about":[{"href":"https:\/\/radiostudiow.com.br\/site\/wp-json\/wp\/v2\/types\/post"}],"author":[{"embeddable":true,"href":"https:\/\/radiostudiow.com.br\/site\/wp-json\/wp\/v2\/users\/2"}],"replies":[{"embeddable":true,"href":"https:\/\/radiostudiow.com.br\/site\/wp-json\/wp\/v2\/comments?post=31232"}],"version-history":[{"count":1,"href":"https:\/\/radiostudiow.com.br\/site\/wp-json\/wp\/v2\/posts\/31232\/revisions"}],"predecessor-version":[{"id":31241,"href":"https:\/\/radiostudiow.com.br\/site\/wp-json\/wp\/v2\/posts\/31232\/revisions\/31241"}],"wp:featuredmedia":[{"embeddable":true,"href":"https:\/\/radiostudiow.com.br\/site\/wp-json\/wp\/v2\/media\/31236"}],"wp:attachment":[{"href":"https:\/\/radiostudiow.com.br\/site\/wp-json\/wp\/v2\/media?parent=31232"}],"wp:term":[{"taxonomy":"category","embeddable":true,"href":"https:\/\/radiostudiow.com.br\/site\/wp-json\/wp\/v2\/categories?post=31232"},{"taxonomy":"post_tag","embeddable":true,"href":"https:\/\/radiostudiow.com.br\/site\/wp-json\/wp\/v2\/tags?post=31232"}],"curies":[{"name":"wp","href":"https:\/\/api.w.org\/{rel}","templated":true}]}}