{"id":31262,"date":"2024-12-07T09:30:21","date_gmt":"2024-12-07T12:30:21","guid":{"rendered":"https:\/\/radiostudiow.com.br\/site\/?p=31262"},"modified":"2025-01-31T14:58:08","modified_gmt":"2025-01-31T17:58:08","slug":"incendio-atinge-madeireira-nas-margens-da-br-153-em-reboucas","status":"publish","type":"post","link":"https:\/\/radiostudiow.com.br\/site\/2024\/12\/07\/incendio-atinge-madeireira-nas-margens-da-br-153-em-reboucas\/","title":{"rendered":"Inc\u00eandio atinge madeireira nas margens da BR-153 em Rebou\u00e7as"},"content":{"rendered":"\n<p>Um inc\u00eandio destruiu boa parte da estrutura de um barrac\u00e3o de uma madeireira que fica nas margens da BR-153, em Rebou\u00e7as, na madrugada dessa sexta-feira (06). Segundo o Corpo de Bombeiros de Irati, que foi acionado para controlar as chamas, tamb\u00e9m houve danos em m\u00e1quinas e madeiras que estavam no local.<\/p>\n\n\n\n<div class=\"wp-block-media-text is-stacked-on-mobile\"><figure class=\"wp-block-media-text__media\"><img decoding=\"async\" src=\"https:\/\/radiostudiow.com.br\/site\/wp-content\/uploads\/2024\/12\/46114-Aniversario-Afubra-Irati_Post-1024x1024.jpg\" alt=\"\" class=\"wp-image-31135 size-full\"\/><\/figure><div class=\"wp-block-media-text__content\">\n<p>AFUBRA IRATI: \ud83d\udcde(42) 3421-1700<br>\ud83d\udccd Rua Coronel Emilio Gomes, 399, Centro &#8211; Irati &#8211; PR<\/p>\n\n\n\n<p>AFUBRA IMBITUVA: \ud83d\udcde(42) 3436-84003<br>\ud83d\udccd RUA Jacobe Brener, 830 &#8211; Centro, Imbituva &#8211; PR<\/p>\n\n\n\n<p><a href=\"https:\/\/www.lojasafubra.com.br\">https:\/\/www.lojasafubra.com.br<\/a><\/p>\n<\/div><\/div>\n\n\n\n<p>Os bombeiros comunit\u00e1rios de Rebou\u00e7as receberam o primeiro chamado para prestar atendimento no local por volta das 02:55 horas, mas solicitaram apoio da guarni\u00e7\u00e3o de Irati em fun\u00e7\u00e3o da quantidade de \u00e1gua necess\u00e1ria para conter o inc\u00eandio de grandes propor\u00e7\u00f5es.<\/p>\n\n\n\n<p>De acordo com os bombeiros de Irati foi poss\u00edvel controlar o inc\u00eandio e evitar que alguns maquin\u00e1rios da empresa n\u00e3o fossem afetados. Uma m\u00e1quina retroescavadeira da prefeitura de Rebou\u00e7as foi utilizada para realizar o rescaldo da \u00e1rea incendiada. Conforme levantamento dos bombeiros de Irati foi necess\u00e1rio utilizar cerca de 40 mil litros de \u00e1gua para combater as chamas.<\/p>\n\n\n\n<figure class=\"wp-block-gallery has-nested-images columns-default is-cropped wp-block-gallery-1 is-layout-flex wp-block-gallery-is-layout-flex\">\n<figure class=\"wp-block-image size-full\"><img loading=\"lazy\" decoding=\"async\" width=\"768\" height=\"578\" data-id=\"31263\" src=\"https:\/\/radiostudiow.com.br\/site\/wp-content\/uploads\/2024\/12\/02-3-1.jpg\" alt=\"\" class=\"wp-image-31263\" srcset=\"https:\/\/radiostudiow.com.br\/site\/wp-content\/uploads\/2024\/12\/02-3-1.jpg 768w, https:\/\/radiostudiow.com.br\/site\/wp-content\/uploads\/2024\/12\/02-3-1-300x226.jpg 300w\" sizes=\"auto, (max-width: 768px) 100vw, 768px\" \/><\/figure>\n\n\n\n<figure class=\"wp-block-image size-large\"><img loading=\"lazy\" decoding=\"async\" width=\"768\" height=\"578\" data-id=\"31264\" src=\"https:\/\/radiostudiow.com.br\/site\/wp-content\/uploads\/2024\/12\/02-2-1.jpg\" alt=\"\" class=\"wp-image-31264\" srcset=\"https:\/\/radiostudiow.com.br\/site\/wp-content\/uploads\/2024\/12\/02-2-1.jpg 768w, https:\/\/radiostudiow.com.br\/site\/wp-content\/uploads\/2024\/12\/02-2-1-300x226.jpg 300w\" sizes=\"auto, (max-width: 768px) 100vw, 768px\" \/><\/figure>\n<\/figure>\n","protected":false},"excerpt":{"rendered":"<p>Um inc\u00eandio destruiu boa parte da estrutura de um barrac\u00e3o de uma madeireira que fica nas margens da BR-153, em Rebou\u00e7as, na madrugada dessa sexta-feira (06). Segundo o Corpo de Bombeiros de Irati, que foi acionado para controlar as chamas, tamb\u00e9m houve danos em m\u00e1quinas e madeiras que estavam no local. AFUBRA IRATI: \ud83d\udcde(42) 3421-1700\ud83d\udccd [&hellip;]<\/p>\n","protected":false},"author":2,"featured_media":31265,"comment_status":"open","ping_status":"open","sticky":false,"template":"","format":"standard","meta":{"footnotes":""},"categories":[185],"tags":[172],"class_list":["post-31262","post","type-post","status-publish","format-standard","has-post-thumbnail","hentry","category-regional","tag-featured"],"amp_enabled":true,"_links":{"self":[{"href":"https:\/\/radiostudiow.com.br\/site\/wp-json\/wp\/v2\/posts\/31262","targetHints":{"allow":["GET"]}}],"collection":[{"href":"https:\/\/radiostudiow.com.br\/site\/wp-json\/wp\/v2\/posts"}],"about":[{"href":"https:\/\/radiostudiow.com.br\/site\/wp-json\/wp\/v2\/types\/post"}],"author":[{"embeddable":true,"href":"https:\/\/radiostudiow.com.br\/site\/wp-json\/wp\/v2\/users\/2"}],"replies":[{"embeddable":true,"href":"https:\/\/radiostudiow.com.br\/site\/wp-json\/wp\/v2\/comments?post=31262"}],"version-history":[{"count":1,"href":"https:\/\/radiostudiow.com.br\/site\/wp-json\/wp\/v2\/posts\/31262\/revisions"}],"predecessor-version":[{"id":31266,"href":"https:\/\/radiostudiow.com.br\/site\/wp-json\/wp\/v2\/posts\/31262\/revisions\/31266"}],"wp:featuredmedia":[{"embeddable":true,"href":"https:\/\/radiostudiow.com.br\/site\/wp-json\/wp\/v2\/media\/31265"}],"wp:attachment":[{"href":"https:\/\/radiostudiow.com.br\/site\/wp-json\/wp\/v2\/media?parent=31262"}],"wp:term":[{"taxonomy":"category","embeddable":true,"href":"https:\/\/radiostudiow.com.br\/site\/wp-json\/wp\/v2\/categories?post=31262"},{"taxonomy":"post_tag","embeddable":true,"href":"https:\/\/radiostudiow.com.br\/site\/wp-json\/wp\/v2\/tags?post=31262"}],"curies":[{"name":"wp","href":"https:\/\/api.w.org\/{rel}","templated":true}]}}