{"id":31267,"date":"2024-12-07T09:38:11","date_gmt":"2024-12-07T12:38:11","guid":{"rendered":"https:\/\/radiostudiow.com.br\/site\/?p=31267"},"modified":"2025-01-31T14:58:07","modified_gmt":"2025-01-31T17:58:07","slug":"colisao-envolve-carro-e-carreta-em-porto-uniao","status":"publish","type":"post","link":"https:\/\/radiostudiow.com.br\/site\/2024\/12\/07\/colisao-envolve-carro-e-carreta-em-porto-uniao\/","title":{"rendered":"Colis\u00e3o envolve carro e carreta em Porto Uni\u00e3o"},"content":{"rendered":"\n<p>Um acidente envolvendo uma carreta e um ve\u00edculo VW\/Parati foi registrado no cruzamento entre a Avenida Edmundo Arrabar e a Rua Expedicion\u00e1rio Eug\u00eanio Alves de Almeida, no bairro Santa Rosa, em Porto Uni\u00e3o por volta das 11 horas desta sexta-feira (06).<\/p>\n\n\n\n<figure class=\"wp-block-image size-full\"><img loading=\"lazy\" decoding=\"async\" width=\"598\" height=\"204\" src=\"https:\/\/radiostudiow.com.br\/site\/wp-content\/uploads\/2024\/04\/image-29.png\" alt=\"\" class=\"wp-image-21283\" srcset=\"https:\/\/radiostudiow.com.br\/site\/wp-content\/uploads\/2024\/04\/image-29.png 598w, https:\/\/radiostudiow.com.br\/site\/wp-content\/uploads\/2024\/04\/image-29-300x102.png 300w\" sizes=\"auto, (max-width: 598px) 100vw, 598px\" \/><\/figure>\n\n\n\n<p>Apesar da gravidade do impacto, felizmente, as pessoas envolvidas no acidente n\u00e3o sofreram ferimentos graves.&nbsp;Equipes da Pol\u00edcia Militar estiveram no local para organizar o tr\u00e1fego.<\/p>\n\n\n\n<p>Apesar do susto, os danos foram restritos \u00e0s avarias nos ve\u00edculos, com a carreta apresentando danos leves e o VW\/Parati mais danificada.<\/p>\n\n\n\n<figure class=\"wp-block-gallery has-nested-images columns-default is-cropped wp-block-gallery-1 is-layout-flex wp-block-gallery-is-layout-flex\">\n<figure class=\"wp-block-image size-large\"><img loading=\"lazy\" decoding=\"async\" width=\"515\" height=\"600\" data-id=\"31271\" src=\"https:\/\/radiostudiow.com.br\/site\/wp-content\/uploads\/2024\/12\/03-2.jpeg\" alt=\"\" class=\"wp-image-31271\" srcset=\"https:\/\/radiostudiow.com.br\/site\/wp-content\/uploads\/2024\/12\/03-2.jpeg 515w, https:\/\/radiostudiow.com.br\/site\/wp-content\/uploads\/2024\/12\/03-2-258x300.jpeg 258w\" sizes=\"auto, (max-width: 515px) 100vw, 515px\" \/><\/figure>\n\n\n\n<figure class=\"wp-block-image size-large\"><img loading=\"lazy\" decoding=\"async\" width=\"277\" height=\"600\" data-id=\"31270\" src=\"https:\/\/radiostudiow.com.br\/site\/wp-content\/uploads\/2024\/12\/03-3.jpeg\" alt=\"\" class=\"wp-image-31270\" srcset=\"https:\/\/radiostudiow.com.br\/site\/wp-content\/uploads\/2024\/12\/03-3.jpeg 277w, https:\/\/radiostudiow.com.br\/site\/wp-content\/uploads\/2024\/12\/03-3-139x300.jpeg 139w\" sizes=\"auto, (max-width: 277px) 100vw, 277px\" \/><\/figure>\n<\/figure>\n","protected":false},"excerpt":{"rendered":"<p>Um acidente envolvendo uma carreta e um ve\u00edculo VW\/Parati foi registrado no cruzamento entre a Avenida Edmundo Arrabar e a Rua Expedicion\u00e1rio Eug\u00eanio Alves de Almeida, no bairro Santa Rosa, em Porto Uni\u00e3o por volta das 11 horas desta sexta-feira (06). Apesar da gravidade do impacto, felizmente, as pessoas envolvidas no acidente n\u00e3o sofreram ferimentos [&hellip;]<\/p>\n","protected":false},"author":2,"featured_media":31269,"comment_status":"open","ping_status":"open","sticky":false,"template":"","format":"standard","meta":{"footnotes":""},"categories":[2],"tags":[172],"class_list":["post-31267","post","type-post","status-publish","format-standard","has-post-thumbnail","hentry","category-policial","tag-featured"],"amp_enabled":true,"_links":{"self":[{"href":"https:\/\/radiostudiow.com.br\/site\/wp-json\/wp\/v2\/posts\/31267","targetHints":{"allow":["GET"]}}],"collection":[{"href":"https:\/\/radiostudiow.com.br\/site\/wp-json\/wp\/v2\/posts"}],"about":[{"href":"https:\/\/radiostudiow.com.br\/site\/wp-json\/wp\/v2\/types\/post"}],"author":[{"embeddable":true,"href":"https:\/\/radiostudiow.com.br\/site\/wp-json\/wp\/v2\/users\/2"}],"replies":[{"embeddable":true,"href":"https:\/\/radiostudiow.com.br\/site\/wp-json\/wp\/v2\/comments?post=31267"}],"version-history":[{"count":1,"href":"https:\/\/radiostudiow.com.br\/site\/wp-json\/wp\/v2\/posts\/31267\/revisions"}],"predecessor-version":[{"id":31272,"href":"https:\/\/radiostudiow.com.br\/site\/wp-json\/wp\/v2\/posts\/31267\/revisions\/31272"}],"wp:featuredmedia":[{"embeddable":true,"href":"https:\/\/radiostudiow.com.br\/site\/wp-json\/wp\/v2\/media\/31269"}],"wp:attachment":[{"href":"https:\/\/radiostudiow.com.br\/site\/wp-json\/wp\/v2\/media?parent=31267"}],"wp:term":[{"taxonomy":"category","embeddable":true,"href":"https:\/\/radiostudiow.com.br\/site\/wp-json\/wp\/v2\/categories?post=31267"},{"taxonomy":"post_tag","embeddable":true,"href":"https:\/\/radiostudiow.com.br\/site\/wp-json\/wp\/v2\/tags?post=31267"}],"curies":[{"name":"wp","href":"https:\/\/api.w.org\/{rel}","templated":true}]}}