{"id":31292,"date":"2024-12-09T09:45:02","date_gmt":"2024-12-09T12:45:02","guid":{"rendered":"https:\/\/radiostudiow.com.br\/site\/?p=31292"},"modified":"2025-01-31T14:58:07","modified_gmt":"2025-01-31T17:58:07","slug":"inquilina-ameaca-proprietaria-apos-se-recusar-a-pagar-aluguel-em-sao-mateus-do-sul","status":"publish","type":"post","link":"https:\/\/radiostudiow.com.br\/site\/2024\/12\/09\/inquilina-ameaca-proprietaria-apos-se-recusar-a-pagar-aluguel-em-sao-mateus-do-sul\/","title":{"rendered":"Inquilina amea\u00e7a propriet\u00e1ria ap\u00f3s se recusar a pagar aluguel em S\u00e3o Mateus do Sul"},"content":{"rendered":"\n<p>A equipe da Pol\u00edcia Militar de S\u00e3o Mateus do Sul recebeu uma solicita\u00e7\u00e3o para atendimento a uma situa\u00e7\u00e3o de amea\u00e7a na sexta-feira (06).<\/p>\n\n\n\n<figure class=\"wp-block-image size-full\"><img decoding=\"async\" src=\"https:\/\/radiostudiow.com.br\/site\/wp-content\/uploads\/2024\/12\/BISTRO.png\" alt=\"\" class=\"wp-image-31336\"\/><\/figure>\n\n\n\n<p>A equipe deslocou ao endere\u00e7o citado, onde em contato com a solicitante relatou que sua inquilina est\u00e1 em d\u00e9bitos e que ao tentar fazer a cobran\u00e7a do saldo devedor, a inquilina veio a proferir amea\u00e7as contra a solicitante.<\/p>\n\n\n\n<p>Diante dos fatos a mesma foi orientada quanto aos procedimentos cab\u00edveis.<\/p>\n\n\n\n<p><\/p>\n","protected":false},"excerpt":{"rendered":"<p>A equipe da Pol\u00edcia Militar de S\u00e3o Mateus do Sul recebeu uma solicita\u00e7\u00e3o para atendimento a uma situa\u00e7\u00e3o de amea\u00e7a na sexta-feira (06). A equipe deslocou ao endere\u00e7o citado, onde em contato com a solicitante relatou que sua inquilina est\u00e1 em d\u00e9bitos e que ao tentar fazer a cobran\u00e7a do saldo devedor, a inquilina veio [&hellip;]<\/p>\n","protected":false},"author":2,"featured_media":24702,"comment_status":"open","ping_status":"open","sticky":false,"template":"","format":"standard","meta":{"footnotes":""},"categories":[2],"tags":[172],"class_list":["post-31292","post","type-post","status-publish","format-standard","has-post-thumbnail","hentry","category-policial","tag-featured"],"amp_enabled":true,"_links":{"self":[{"href":"https:\/\/radiostudiow.com.br\/site\/wp-json\/wp\/v2\/posts\/31292","targetHints":{"allow":["GET"]}}],"collection":[{"href":"https:\/\/radiostudiow.com.br\/site\/wp-json\/wp\/v2\/posts"}],"about":[{"href":"https:\/\/radiostudiow.com.br\/site\/wp-json\/wp\/v2\/types\/post"}],"author":[{"embeddable":true,"href":"https:\/\/radiostudiow.com.br\/site\/wp-json\/wp\/v2\/users\/2"}],"replies":[{"embeddable":true,"href":"https:\/\/radiostudiow.com.br\/site\/wp-json\/wp\/v2\/comments?post=31292"}],"version-history":[{"count":2,"href":"https:\/\/radiostudiow.com.br\/site\/wp-json\/wp\/v2\/posts\/31292\/revisions"}],"predecessor-version":[{"id":31337,"href":"https:\/\/radiostudiow.com.br\/site\/wp-json\/wp\/v2\/posts\/31292\/revisions\/31337"}],"wp:featuredmedia":[{"embeddable":true,"href":"https:\/\/radiostudiow.com.br\/site\/wp-json\/wp\/v2\/media\/24702"}],"wp:attachment":[{"href":"https:\/\/radiostudiow.com.br\/site\/wp-json\/wp\/v2\/media?parent=31292"}],"wp:term":[{"taxonomy":"category","embeddable":true,"href":"https:\/\/radiostudiow.com.br\/site\/wp-json\/wp\/v2\/categories?post=31292"},{"taxonomy":"post_tag","embeddable":true,"href":"https:\/\/radiostudiow.com.br\/site\/wp-json\/wp\/v2\/tags?post=31292"}],"curies":[{"name":"wp","href":"https:\/\/api.w.org\/{rel}","templated":true}]}}