{"id":31297,"date":"2024-12-07T12:17:57","date_gmt":"2024-12-07T15:17:57","guid":{"rendered":"https:\/\/radiostudiow.com.br\/site\/?p=31297"},"modified":"2025-01-31T14:58:07","modified_gmt":"2025-01-31T17:58:07","slug":"chuvas-intensas-ja-complicam-transito-em-mallet-e-regiao","status":"publish","type":"post","link":"https:\/\/radiostudiow.com.br\/site\/2024\/12\/07\/chuvas-intensas-ja-complicam-transito-em-mallet-e-regiao\/","title":{"rendered":"Chuvas intensas j\u00e1 complicam tr\u00e2nsito em Mallet e regi\u00e3o"},"content":{"rendered":"\n<p>Recebemos v\u00eddeos de duas situa\u00e7\u00f5es j\u00e1 registradas por conta das chuvas intensas que come\u00e7aram na noite desta sexta-feira, 06 de dezembro, e devem se intensificar no final de semana. At\u00e9 a segunda-feira, 06 de dezembro, o tempo se mant\u00e9m inst\u00e1vel na regi\u00e3o.<\/p>\n\n\n\n<h2 class=\"wp-block-heading\">Mallet<\/h2>\n\n\n\n<figure class=\"wp-block-video\"><video controls src=\"https:\/\/radiostudiow.com.br\/site\/wp-content\/uploads\/2024\/12\/WhatsApp-Video-2024-12-07-at-09.58.54.mp4\"><\/video><\/figure>\n\n\n\n<figure class=\"wp-block-video\"><video controls src=\"https:\/\/radiostudiow.com.br\/site\/wp-content\/uploads\/2024\/12\/WhatsApp-Video-2024-12-07-at-10.43.02.mp4\"><\/video><\/figure>\n\n\n\n<figure class=\"wp-block-video\"><video controls src=\"https:\/\/radiostudiow.com.br\/site\/wp-content\/uploads\/2024\/12\/WhatsApp-Video-2024-12-07-at-10.43.03.mp4\"><\/video><\/figure>\n\n\n\n<figure class=\"wp-block-video\"><video controls src=\"https:\/\/radiostudiow.com.br\/site\/wp-content\/uploads\/2024\/12\/WhatsApp-Video-2024-12-07-at-10.45.15.mp4\"><\/video><\/figure>\n\n\n\n<figure class=\"wp-block-image size-large\"><img decoding=\"async\" src=\"https:\/\/radiostudiow.com.br\/site\/wp-content\/uploads\/2024\/12\/PREVISAO-DO-TEMPO-3-1024x576.png\" alt=\"\" class=\"wp-image-31306\"\/><\/figure>\n\n\n\n<h2 class=\"wp-block-heading\"><strong>Paulo Frontin<\/strong><\/h2>\n\n\n\n<figure class=\"wp-block-image size-full is-resized\"><img decoding=\"async\" src=\"https:\/\/radiostudiow.com.br\/site\/wp-content\/uploads\/2024\/12\/image-35.png\" alt=\"\" class=\"wp-image-31298\" style=\"width:740px;height:auto\"\/><\/figure>\n\n\n\n<p>Confira abaixo a previs\u00e3o do tempo para este final de semana, s\u00e1bado (07)e domingo (08), em v\u00e1rias cidades da regi\u00e3o:<\/p>\n\n\n\n<figure class=\"wp-block-image size-large\"><img decoding=\"async\" src=\"https:\/\/radiostudiow.com.br\/site\/wp-content\/uploads\/2024\/12\/PREVISAO-DO-TEMPO-1-1024x576.png\" alt=\"\" class=\"wp-image-31304\"\/><\/figure>\n\n\n\n<figure class=\"wp-block-image size-large\"><img decoding=\"async\" src=\"https:\/\/radiostudiow.com.br\/site\/wp-content\/uploads\/2024\/12\/PREVISAO-DO-TEMPO-2-1024x576.png\" alt=\"\" class=\"wp-image-31305\"\/><\/figure>\n","protected":false},"excerpt":{"rendered":"<p>Recebemos v\u00eddeos de duas situa\u00e7\u00f5es j\u00e1 registradas por conta das chuvas intensas que come\u00e7aram na noite desta sexta-feira, 06 de dezembro, e devem se intensificar no final de semana. At\u00e9 a segunda-feira, 06 de dezembro, o tempo se mant\u00e9m inst\u00e1vel na regi\u00e3o. Mallet Paulo Frontin Confira abaixo a previs\u00e3o do tempo para este final de [&hellip;]<\/p>\n","protected":false},"author":2,"featured_media":31307,"comment_status":"open","ping_status":"open","sticky":false,"template":"","format":"standard","meta":{"footnotes":""},"categories":[185],"tags":[172],"class_list":["post-31297","post","type-post","status-publish","format-standard","has-post-thumbnail","hentry","category-regional","tag-featured"],"amp_enabled":true,"_links":{"self":[{"href":"https:\/\/radiostudiow.com.br\/site\/wp-json\/wp\/v2\/posts\/31297","targetHints":{"allow":["GET"]}}],"collection":[{"href":"https:\/\/radiostudiow.com.br\/site\/wp-json\/wp\/v2\/posts"}],"about":[{"href":"https:\/\/radiostudiow.com.br\/site\/wp-json\/wp\/v2\/types\/post"}],"author":[{"embeddable":true,"href":"https:\/\/radiostudiow.com.br\/site\/wp-json\/wp\/v2\/users\/2"}],"replies":[{"embeddable":true,"href":"https:\/\/radiostudiow.com.br\/site\/wp-json\/wp\/v2\/comments?post=31297"}],"version-history":[{"count":2,"href":"https:\/\/radiostudiow.com.br\/site\/wp-json\/wp\/v2\/posts\/31297\/revisions"}],"predecessor-version":[{"id":31308,"href":"https:\/\/radiostudiow.com.br\/site\/wp-json\/wp\/v2\/posts\/31297\/revisions\/31308"}],"wp:featuredmedia":[{"embeddable":true,"href":"https:\/\/radiostudiow.com.br\/site\/wp-json\/wp\/v2\/media\/31307"}],"wp:attachment":[{"href":"https:\/\/radiostudiow.com.br\/site\/wp-json\/wp\/v2\/media?parent=31297"}],"wp:term":[{"taxonomy":"category","embeddable":true,"href":"https:\/\/radiostudiow.com.br\/site\/wp-json\/wp\/v2\/categories?post=31297"},{"taxonomy":"post_tag","embeddable":true,"href":"https:\/\/radiostudiow.com.br\/site\/wp-json\/wp\/v2\/tags?post=31297"}],"curies":[{"name":"wp","href":"https:\/\/api.w.org\/{rel}","templated":true}]}}