{"id":31309,"date":"2024-12-09T09:38:26","date_gmt":"2024-12-09T12:38:26","guid":{"rendered":"https:\/\/radiostudiow.com.br\/site\/?p=31309"},"modified":"2025-01-31T14:58:07","modified_gmt":"2025-01-31T17:58:07","slug":"homem-morre-apos-ser-atropelado-na-br-153-em-imbituva","status":"publish","type":"post","link":"https:\/\/radiostudiow.com.br\/site\/2024\/12\/09\/homem-morre-apos-ser-atropelado-na-br-153-em-imbituva\/","title":{"rendered":"Homem morre ap\u00f3s ser atropelado na BR-153 em Imbituva"},"content":{"rendered":"\n<p>Um acidente do tipo Atropelamento de pedestre envolvendo um ve\u00edculo e uma pessoa em \u00f3bito no Km 306 da BR-153, munic\u00edpio de Imbituva por volta das 21 horas a noite desta sexta-feira (06).<\/p>\n\n\n\n<p>O ve\u00edculo envolvido foi: Um caminh\u00e3o M.Benz\u00a0 de cor cinza com um semi reboque atrelado e emplacamento Irati\/PR.<\/p>\n\n\n\n<figure class=\"wp-block-image size-full\"><img loading=\"lazy\" decoding=\"async\" width=\"897\" height=\"204\" src=\"https:\/\/radiostudiow.com.br\/site\/wp-content\/uploads\/2024\/11\/image-49.png\" alt=\"\" class=\"wp-image-30017\" srcset=\"https:\/\/radiostudiow.com.br\/site\/wp-content\/uploads\/2024\/11\/image-49.png 897w, https:\/\/radiostudiow.com.br\/site\/wp-content\/uploads\/2024\/11\/image-49-300x68.png 300w, https:\/\/radiostudiow.com.br\/site\/wp-content\/uploads\/2024\/11\/image-49-768x175.png 768w\" sizes=\"auto, (max-width: 897px) 100vw, 897px\" \/><\/figure>\n\n\n\n<p>O condutor do caminh\u00e3o permaneceu ileso. O pedestre, homem de 22 anos, veio a \u00f3bito no local. O corpo foi levado para Imbituva.<\/p>\n\n\n\n<p>Houve interdi\u00e7\u00e3o total de rodovia por aproximadamente 5 horas at\u00e9 que fosse poss\u00edvel remover o caminh\u00e3o da pista. A pista foi totalmente liberada \u00e0s 02h41min do dia 07.<\/p>\n\n\n\n<p>Com informa\u00e7\u00f5es da PRF.<a href=\"https:\/\/api.whatsapp.com\/send?text=Homem%20morre%20ap%C3%B3s%20ser%20atropelado%20na%20BR%20153%20em%20Imbituva%20-%20https:\/\/www.alvoradanoar.com.br\/noticia\/680978\" target=\"_blank\" rel=\"noreferrer noopener\"><\/a><\/p>\n","protected":false},"excerpt":{"rendered":"<p>Um acidente do tipo Atropelamento de pedestre envolvendo um ve\u00edculo e uma pessoa em \u00f3bito no Km 306 da BR-153, munic\u00edpio de Imbituva por volta das 21 horas a noite desta sexta-feira (06). O ve\u00edculo envolvido foi: Um caminh\u00e3o M.Benz\u00a0 de cor cinza com um semi reboque atrelado e emplacamento Irati\/PR. O condutor do caminh\u00e3o [&hellip;]<\/p>\n","protected":false},"author":2,"featured_media":31317,"comment_status":"open","ping_status":"open","sticky":false,"template":"","format":"standard","meta":{"footnotes":""},"categories":[185],"tags":[172],"class_list":["post-31309","post","type-post","status-publish","format-standard","has-post-thumbnail","hentry","category-regional","tag-featured"],"amp_enabled":true,"_links":{"self":[{"href":"https:\/\/radiostudiow.com.br\/site\/wp-json\/wp\/v2\/posts\/31309","targetHints":{"allow":["GET"]}}],"collection":[{"href":"https:\/\/radiostudiow.com.br\/site\/wp-json\/wp\/v2\/posts"}],"about":[{"href":"https:\/\/radiostudiow.com.br\/site\/wp-json\/wp\/v2\/types\/post"}],"author":[{"embeddable":true,"href":"https:\/\/radiostudiow.com.br\/site\/wp-json\/wp\/v2\/users\/2"}],"replies":[{"embeddable":true,"href":"https:\/\/radiostudiow.com.br\/site\/wp-json\/wp\/v2\/comments?post=31309"}],"version-history":[{"count":2,"href":"https:\/\/radiostudiow.com.br\/site\/wp-json\/wp\/v2\/posts\/31309\/revisions"}],"predecessor-version":[{"id":31335,"href":"https:\/\/radiostudiow.com.br\/site\/wp-json\/wp\/v2\/posts\/31309\/revisions\/31335"}],"wp:featuredmedia":[{"embeddable":true,"href":"https:\/\/radiostudiow.com.br\/site\/wp-json\/wp\/v2\/media\/31317"}],"wp:attachment":[{"href":"https:\/\/radiostudiow.com.br\/site\/wp-json\/wp\/v2\/media?parent=31309"}],"wp:term":[{"taxonomy":"category","embeddable":true,"href":"https:\/\/radiostudiow.com.br\/site\/wp-json\/wp\/v2\/categories?post=31309"},{"taxonomy":"post_tag","embeddable":true,"href":"https:\/\/radiostudiow.com.br\/site\/wp-json\/wp\/v2\/tags?post=31309"}],"curies":[{"name":"wp","href":"https:\/\/api.w.org\/{rel}","templated":true}]}}