{"id":31313,"date":"2024-12-09T09:36:05","date_gmt":"2024-12-09T12:36:05","guid":{"rendered":"https:\/\/radiostudiow.com.br\/site\/?p=31313"},"modified":"2025-01-31T14:58:07","modified_gmt":"2025-01-31T17:58:07","slug":"condutor-embriagado-e-sem-habilitacao-e-detido-apos-perseguicao-em-rio-azul","status":"publish","type":"post","link":"https:\/\/radiostudiow.com.br\/site\/2024\/12\/09\/condutor-embriagado-e-sem-habilitacao-e-detido-apos-perseguicao-em-rio-azul\/","title":{"rendered":"Condutor embriagado e sem habilita\u00e7\u00e3o \u00e9 detido ap\u00f3s persegui\u00e7\u00e3o em Rio Azul"},"content":{"rendered":"\n<p>Na noite de sexta-feira (06), por volta das 23h, um acompanhamento t\u00e1tico movimentou no Centro, em Rio Azul, quando uma equipe policial flagrou um ve\u00edculo Ford Del Rey realizando manobras perigosas e colocando em risco de seguran\u00e7a da via.<\/p>\n\n\n\n<figure class=\"wp-block-image size-full\"><img loading=\"lazy\" decoding=\"async\" width=\"897\" height=\"204\" src=\"https:\/\/radiostudiow.com.br\/site\/wp-content\/uploads\/2024\/08\/TIJOLAO.png\" alt=\"\" class=\"wp-image-25951\" srcset=\"https:\/\/radiostudiow.com.br\/site\/wp-content\/uploads\/2024\/08\/TIJOLAO.png 897w, https:\/\/radiostudiow.com.br\/site\/wp-content\/uploads\/2024\/08\/TIJOLAO-300x68.png 300w, https:\/\/radiostudiow.com.br\/site\/wp-content\/uploads\/2024\/08\/TIJOLAO-768x175.png 768w\" sizes=\"auto, (max-width: 897px) 100vw, 897px\" \/><\/figure>\n\n\n\n<p>O motorista foi avistado executando uma arrancada brusca, com derrapagem dos pneus na via. Uma equipe policial imediatamente se aproximou do ve\u00edculo, utilizando sinais luminosos e sonoros, mas o condutor ignorou as ordens de parada. A recusa desencadeou uma persegui\u00e7\u00e3o, durante a qual o motorista desrespeitou diversas normas de tr\u00e2nsito, intensificando os riscos \u00e0 seguran\u00e7a.<\/p>\n\n\n\n<figure class=\"wp-block-image size-full\"><img loading=\"lazy\" decoding=\"async\" width=\"900\" height=\"408\" src=\"https:\/\/radiostudiow.com.br\/site\/wp-content\/uploads\/2024\/09\/image-64-1.png\" alt=\"\" class=\"wp-image-28207\" srcset=\"https:\/\/radiostudiow.com.br\/site\/wp-content\/uploads\/2024\/09\/image-64-1.png 900w, https:\/\/radiostudiow.com.br\/site\/wp-content\/uploads\/2024\/09\/image-64-1-300x136.png 300w, https:\/\/radiostudiow.com.br\/site\/wp-content\/uploads\/2024\/09\/image-64-1-768x348.png 768w\" sizes=\"auto, (max-width: 900px) 100vw, 900px\" \/><\/figure>\n\n\n\n<p>Ap\u00f3s ser interceptado, o condutor foi identificado e apresentou sinais claros de embriaguez, como h\u00e1lito et\u00edlico, comportamento agressivo e falas desordenadas. Questionado, ele se decidiu a realizar o teste do baf\u00f4metro. Al\u00e9m disso, o condutor &nbsp;n\u00e3o possu\u00eda habilita\u00e7\u00e3o e o ve\u00edculo estava com a documenta\u00e7\u00e3o irregular.<\/p>\n\n\n\n<p>O condutor foi encaminhado para a delegacia de Irati.<\/p>\n\n\n\n<p>Com informa\u00e7\u00f5es da Pol\u00edcia Militar.<a href=\"https:\/\/api.whatsapp.com\/send?text=Condutor%20embriagado%20e%20sem%20habilita%C3%A7%C3%A3o%20%C3%A9%20detido%20ap%C3%B3s%20persegui%C3%A7%C3%A3o%20em%20Rio%20Azul%20-%20https:\/\/alvoradanoar.com.br\/noticia\/680955\" target=\"_blank\" rel=\"noreferrer noopener\"><\/a><\/p>\n","protected":false},"excerpt":{"rendered":"<p>Na noite de sexta-feira (06), por volta das 23h, um acompanhamento t\u00e1tico movimentou no Centro, em Rio Azul, quando uma equipe policial flagrou um ve\u00edculo Ford Del Rey realizando manobras perigosas e colocando em risco de seguran\u00e7a da via. O motorista foi avistado executando uma arrancada brusca, com derrapagem dos pneus na via. Uma equipe [&hellip;]<\/p>\n","protected":false},"author":2,"featured_media":31274,"comment_status":"open","ping_status":"open","sticky":false,"template":"","format":"standard","meta":{"footnotes":""},"categories":[2],"tags":[172],"class_list":["post-31313","post","type-post","status-publish","format-standard","has-post-thumbnail","hentry","category-policial","tag-featured"],"amp_enabled":true,"_links":{"self":[{"href":"https:\/\/radiostudiow.com.br\/site\/wp-json\/wp\/v2\/posts\/31313","targetHints":{"allow":["GET"]}}],"collection":[{"href":"https:\/\/radiostudiow.com.br\/site\/wp-json\/wp\/v2\/posts"}],"about":[{"href":"https:\/\/radiostudiow.com.br\/site\/wp-json\/wp\/v2\/types\/post"}],"author":[{"embeddable":true,"href":"https:\/\/radiostudiow.com.br\/site\/wp-json\/wp\/v2\/users\/2"}],"replies":[{"embeddable":true,"href":"https:\/\/radiostudiow.com.br\/site\/wp-json\/wp\/v2\/comments?post=31313"}],"version-history":[{"count":3,"href":"https:\/\/radiostudiow.com.br\/site\/wp-json\/wp\/v2\/posts\/31313\/revisions"}],"predecessor-version":[{"id":31334,"href":"https:\/\/radiostudiow.com.br\/site\/wp-json\/wp\/v2\/posts\/31313\/revisions\/31334"}],"wp:featuredmedia":[{"embeddable":true,"href":"https:\/\/radiostudiow.com.br\/site\/wp-json\/wp\/v2\/media\/31274"}],"wp:attachment":[{"href":"https:\/\/radiostudiow.com.br\/site\/wp-json\/wp\/v2\/media?parent=31313"}],"wp:term":[{"taxonomy":"category","embeddable":true,"href":"https:\/\/radiostudiow.com.br\/site\/wp-json\/wp\/v2\/categories?post=31313"},{"taxonomy":"post_tag","embeddable":true,"href":"https:\/\/radiostudiow.com.br\/site\/wp-json\/wp\/v2\/tags?post=31313"}],"curies":[{"name":"wp","href":"https:\/\/api.w.org\/{rel}","templated":true}]}}