{"id":31319,"date":"2024-12-07T12:51:43","date_gmt":"2024-12-07T15:51:43","guid":{"rendered":"https:\/\/radiostudiow.com.br\/site\/?p=31319"},"modified":"2025-01-31T14:58:07","modified_gmt":"2025-01-31T17:58:07","slug":"soft-sepac-informa-sobre-treinamento-da-brigada-de-emergencia-em-mallet","status":"publish","type":"post","link":"https:\/\/radiostudiow.com.br\/site\/2024\/12\/07\/soft-sepac-informa-sobre-treinamento-da-brigada-de-emergencia-em-mallet\/","title":{"rendered":"Softys Sepac informa sobre treinamento da brigada de emerg\u00eancia em Mallet"},"content":{"rendered":"\n<p>A ind\u00fastria de pap\u00e9is Softys Sepac, informa a comunidade Malletense que dos dias 9 a 13 de dezembro, realizar\u00e1 as simula\u00e7\u00f5es de atendimento de emerg\u00eancia na unidade fabril. Durante o per\u00edodo podem ocorrer deslocamentos de ve\u00edculos de emerg\u00eancia nas vias p\u00fablicas e emiss\u00e3o de sinais sonoros de alerta.<\/p>\n\n\n\n<p>Tal medida visa preparar e treinar a equipe da brigada de emerg\u00eancia interna.<\/p>\n\n\n\n<p><em>A Softys Sepac agradece a compreens\u00e3o de todos.<\/em><\/p>\n","protected":false},"excerpt":{"rendered":"<p>A ind\u00fastria de pap\u00e9is Softys Sepac, informa a comunidade Malletense que dos dias 9 a 13 de dezembro, realizar\u00e1 as simula\u00e7\u00f5es de atendimento de emerg\u00eancia na unidade fabril. Durante o per\u00edodo podem ocorrer deslocamentos de ve\u00edculos de emerg\u00eancia nas vias p\u00fablicas e emiss\u00e3o de sinais sonoros de alerta. Tal medida visa preparar e treinar a [&hellip;]<\/p>\n","protected":false},"author":2,"featured_media":31320,"comment_status":"open","ping_status":"open","sticky":false,"template":"","format":"standard","meta":{"footnotes":""},"categories":[184],"tags":[172],"class_list":["post-31319","post","type-post","status-publish","format-standard","has-post-thumbnail","hentry","category-local","tag-featured"],"amp_enabled":true,"_links":{"self":[{"href":"https:\/\/radiostudiow.com.br\/site\/wp-json\/wp\/v2\/posts\/31319","targetHints":{"allow":["GET"]}}],"collection":[{"href":"https:\/\/radiostudiow.com.br\/site\/wp-json\/wp\/v2\/posts"}],"about":[{"href":"https:\/\/radiostudiow.com.br\/site\/wp-json\/wp\/v2\/types\/post"}],"author":[{"embeddable":true,"href":"https:\/\/radiostudiow.com.br\/site\/wp-json\/wp\/v2\/users\/2"}],"replies":[{"embeddable":true,"href":"https:\/\/radiostudiow.com.br\/site\/wp-json\/wp\/v2\/comments?post=31319"}],"version-history":[{"count":2,"href":"https:\/\/radiostudiow.com.br\/site\/wp-json\/wp\/v2\/posts\/31319\/revisions"}],"predecessor-version":[{"id":31324,"href":"https:\/\/radiostudiow.com.br\/site\/wp-json\/wp\/v2\/posts\/31319\/revisions\/31324"}],"wp:featuredmedia":[{"embeddable":true,"href":"https:\/\/radiostudiow.com.br\/site\/wp-json\/wp\/v2\/media\/31320"}],"wp:attachment":[{"href":"https:\/\/radiostudiow.com.br\/site\/wp-json\/wp\/v2\/media?parent=31319"}],"wp:term":[{"taxonomy":"category","embeddable":true,"href":"https:\/\/radiostudiow.com.br\/site\/wp-json\/wp\/v2\/categories?post=31319"},{"taxonomy":"post_tag","embeddable":true,"href":"https:\/\/radiostudiow.com.br\/site\/wp-json\/wp\/v2\/tags?post=31319"}],"curies":[{"name":"wp","href":"https:\/\/api.w.org\/{rel}","templated":true}]}}