{"id":31325,"date":"2024-12-07T23:42:25","date_gmt":"2024-12-08T02:42:25","guid":{"rendered":"https:\/\/radiostudiow.com.br\/site\/?p=31325"},"modified":"2025-01-31T14:58:07","modified_gmt":"2025-01-31T17:58:07","slug":"pedrinho-przybysz-morre-aos-72-anos-vitima-de-acidente","status":"publish","type":"post","link":"https:\/\/radiostudiow.com.br\/site\/2024\/12\/07\/pedrinho-przybysz-morre-aos-72-anos-vitima-de-acidente\/","title":{"rendered":"PEDRINHO PRZYBYSZ MORRE AOS 72 ANOS V\u00cdTIMA DE ACIDENTE"},"content":{"rendered":"\n<p class=\"has-text-align-center\" style=\"font-size:23px\"><strong><em>De acordo com informa\u00e7\u00f5es, ele teria ca\u00eddo do telhado de sua casa em Mallet<\/em><\/strong><\/p>\n\n\n\n<p><\/p>\n\n\n\n<figure class=\"wp-block-image size-large\"><img loading=\"lazy\" decoding=\"async\" width=\"1024\" height=\"768\" src=\"https:\/\/radiostudiow.com.br\/site\/wp-content\/uploads\/2024\/12\/pedrinho-1024x768.jpg\" alt=\"\" class=\"wp-image-31326\" srcset=\"https:\/\/radiostudiow.com.br\/site\/wp-content\/uploads\/2024\/12\/pedrinho-1024x768.jpg 1024w, https:\/\/radiostudiow.com.br\/site\/wp-content\/uploads\/2024\/12\/pedrinho-300x225.jpg 300w, https:\/\/radiostudiow.com.br\/site\/wp-content\/uploads\/2024\/12\/pedrinho-768x576.jpg 768w, https:\/\/radiostudiow.com.br\/site\/wp-content\/uploads\/2024\/12\/pedrinho-1536x1152.jpg 1536w, https:\/\/radiostudiow.com.br\/site\/wp-content\/uploads\/2024\/12\/pedrinho.jpg 1600w\" sizes=\"auto, (max-width: 1024px) 100vw, 1024px\" \/><\/figure>\n\n\n\n<p><\/p>\n\n\n\n<figure class=\"wp-block-image size-full\"><img loading=\"lazy\" decoding=\"async\" width=\"900\" height=\"205\" src=\"https:\/\/radiostudiow.com.br\/site\/wp-content\/uploads\/2024\/03\/bannertijolao-e1733625657395.jpg\" alt=\"\" class=\"wp-image-20494\" srcset=\"https:\/\/radiostudiow.com.br\/site\/wp-content\/uploads\/2024\/03\/bannertijolao-e1733625657395.jpg 900w, https:\/\/radiostudiow.com.br\/site\/wp-content\/uploads\/2024\/03\/bannertijolao-e1733625657395-300x68.jpg 300w, https:\/\/radiostudiow.com.br\/site\/wp-content\/uploads\/2024\/03\/bannertijolao-e1733625657395-768x175.jpg 768w\" sizes=\"auto, (max-width: 900px) 100vw, 900px\" \/><\/figure>\n\n\n\n<p><\/p>\n\n\n\n<p>Foi identificado como <strong>Pedro Luiz Przybysz, de 72 anos,<\/strong> o homem que faleceu ap\u00f3s cair do telhado de sua resid\u00eancia na noite deste s\u00e1bado (07), no centro de Mallet. Pedro, conhecido como <strong>Pedrinho,<\/strong> nasceu em 22 de junho de 1952.<\/p>\n\n\n\n<p>Segundo informa\u00e7\u00f5es, ele teria subido ao telhado de sua casa para realizar uma manuten\u00e7\u00e3o, quando sofreu a queda. Pedrinho n\u00e3o resistiu aos ferimentos e morreu no local.<\/p>\n\n\n\n<p>Pedro j\u00e1 ocupou o cargo de Secret\u00e1rio Municipal, foi candidato a vereador e, nas \u00faltimas elei\u00e7\u00f5es municipais, concorreu como candidato a vice-prefeito.<\/p>\n\n\n\n<p>O Instituto M\u00e9dico Legal (IML) de Uni\u00e3o da Vit\u00f3ria foi acionado para o recolhimento do corpo. Assim que liberado, o vel\u00f3rio ser\u00e1 realizado na <strong>Capela Mortu\u00e1ria de Mallet.<\/strong><\/p>\n\n\n\n<p>Aos familiares e amigos, nossas condol\u00eancias neste momento de perda.<\/p>\n\n\n\n<p><\/p>\n\n\n\n<figure class=\"wp-block-image size-full\"><img loading=\"lazy\" decoding=\"async\" width=\"897\" height=\"204\" src=\"https:\/\/radiostudiow.com.br\/site\/wp-content\/uploads\/2024\/08\/TIJOLAO.png\" alt=\"\" class=\"wp-image-25951\" srcset=\"https:\/\/radiostudiow.com.br\/site\/wp-content\/uploads\/2024\/08\/TIJOLAO.png 897w, https:\/\/radiostudiow.com.br\/site\/wp-content\/uploads\/2024\/08\/TIJOLAO-300x68.png 300w, https:\/\/radiostudiow.com.br\/site\/wp-content\/uploads\/2024\/08\/TIJOLAO-768x175.png 768w\" sizes=\"auto, (max-width: 897px) 100vw, 897px\" \/><\/figure>\n","protected":false},"excerpt":{"rendered":"<p>De acordo com informa\u00e7\u00f5es, ele teria ca\u00eddo do telhado de sua casa em Mallet Foi identificado como Pedro Luiz Przybysz, de 72 anos, o homem que faleceu ap\u00f3s cair do telhado de sua resid\u00eancia na noite deste s\u00e1bado (07), no centro de Mallet. Pedro, conhecido como Pedrinho, nasceu em 22 de junho de 1952. Segundo [&hellip;]<\/p>\n","protected":false},"author":2,"featured_media":31326,"comment_status":"open","ping_status":"open","sticky":false,"template":"","format":"standard","meta":{"footnotes":""},"categories":[7,184],"tags":[172],"class_list":["post-31325","post","type-post","status-publish","format-standard","has-post-thumbnail","hentry","category-geral","category-local","tag-featured"],"amp_enabled":true,"_links":{"self":[{"href":"https:\/\/radiostudiow.com.br\/site\/wp-json\/wp\/v2\/posts\/31325","targetHints":{"allow":["GET"]}}],"collection":[{"href":"https:\/\/radiostudiow.com.br\/site\/wp-json\/wp\/v2\/posts"}],"about":[{"href":"https:\/\/radiostudiow.com.br\/site\/wp-json\/wp\/v2\/types\/post"}],"author":[{"embeddable":true,"href":"https:\/\/radiostudiow.com.br\/site\/wp-json\/wp\/v2\/users\/2"}],"replies":[{"embeddable":true,"href":"https:\/\/radiostudiow.com.br\/site\/wp-json\/wp\/v2\/comments?post=31325"}],"version-history":[{"count":3,"href":"https:\/\/radiostudiow.com.br\/site\/wp-json\/wp\/v2\/posts\/31325\/revisions"}],"predecessor-version":[{"id":31329,"href":"https:\/\/radiostudiow.com.br\/site\/wp-json\/wp\/v2\/posts\/31325\/revisions\/31329"}],"wp:featuredmedia":[{"embeddable":true,"href":"https:\/\/radiostudiow.com.br\/site\/wp-json\/wp\/v2\/media\/31326"}],"wp:attachment":[{"href":"https:\/\/radiostudiow.com.br\/site\/wp-json\/wp\/v2\/media?parent=31325"}],"wp:term":[{"taxonomy":"category","embeddable":true,"href":"https:\/\/radiostudiow.com.br\/site\/wp-json\/wp\/v2\/categories?post=31325"},{"taxonomy":"post_tag","embeddable":true,"href":"https:\/\/radiostudiow.com.br\/site\/wp-json\/wp\/v2\/tags?post=31325"}],"curies":[{"name":"wp","href":"https:\/\/api.w.org\/{rel}","templated":true}]}}