{"id":31344,"date":"2024-12-09T10:08:57","date_gmt":"2024-12-09T13:08:57","guid":{"rendered":"https:\/\/radiostudiow.com.br\/site\/?p=31344"},"modified":"2025-01-31T14:58:07","modified_gmt":"2025-01-31T17:58:07","slug":"bombeiros-de-uniao-da-vitoria-buscam-homem-que-desapareceu-no-rio-iguacu","status":"publish","type":"post","link":"https:\/\/radiostudiow.com.br\/site\/2024\/12\/09\/bombeiros-de-uniao-da-vitoria-buscam-homem-que-desapareceu-no-rio-iguacu\/","title":{"rendered":"Bombeiros de Uni\u00e3o da Vit\u00f3ria buscam homem que desapareceu no Rio Igua\u00e7u"},"content":{"rendered":"\n<p>As equipes do Corpo de Bombeiros de Uni\u00e3o da Vit\u00f3ria realizam buscas superficiais no Rio Igua\u00e7u e terrestres nas encostas do rio para localizar um homem que teria entrado no rio e n\u00e3o conseguido retornar a margem desde \u00e0s 08 horas da manh\u00e3 deste s\u00e1bado (07).<\/p>\n\n\n\n<figure class=\"wp-block-image size-full\"><img loading=\"lazy\" decoding=\"async\" width=\"598\" height=\"204\" src=\"https:\/\/radiostudiow.com.br\/site\/wp-content\/uploads\/2024\/04\/image-29.png\" alt=\"\" class=\"wp-image-21283\" srcset=\"https:\/\/radiostudiow.com.br\/site\/wp-content\/uploads\/2024\/04\/image-29.png 598w, https:\/\/radiostudiow.com.br\/site\/wp-content\/uploads\/2024\/04\/image-29-300x102.png 300w\" sizes=\"auto, (max-width: 598px) 100vw, 598px\" \/><\/figure>\n\n\n\n<p>Alguns populares estavam com ele no local e presenciaram o momento do incidente pr\u00f3ximo a Ponte dos Arcos.&nbsp;Apesar dos esfor\u00e7os da equipe, n\u00e3o houve \u00eaxito no encontro da v\u00edtima. Ao anoitecer de s\u00e1bado as equipes retornaram para o quartel.<\/p>\n","protected":false},"excerpt":{"rendered":"<p>As equipes do Corpo de Bombeiros de Uni\u00e3o da Vit\u00f3ria realizam buscas superficiais no Rio Igua\u00e7u e terrestres nas encostas do rio para localizar um homem que teria entrado no rio e n\u00e3o conseguido retornar a margem desde \u00e0s 08 horas da manh\u00e3 deste s\u00e1bado (07). Alguns populares estavam com ele no local e presenciaram [&hellip;]<\/p>\n","protected":false},"author":2,"featured_media":31346,"comment_status":"open","ping_status":"open","sticky":false,"template":"","format":"standard","meta":{"footnotes":""},"categories":[185],"tags":[172],"class_list":["post-31344","post","type-post","status-publish","format-standard","has-post-thumbnail","hentry","category-regional","tag-featured"],"amp_enabled":true,"_links":{"self":[{"href":"https:\/\/radiostudiow.com.br\/site\/wp-json\/wp\/v2\/posts\/31344","targetHints":{"allow":["GET"]}}],"collection":[{"href":"https:\/\/radiostudiow.com.br\/site\/wp-json\/wp\/v2\/posts"}],"about":[{"href":"https:\/\/radiostudiow.com.br\/site\/wp-json\/wp\/v2\/types\/post"}],"author":[{"embeddable":true,"href":"https:\/\/radiostudiow.com.br\/site\/wp-json\/wp\/v2\/users\/2"}],"replies":[{"embeddable":true,"href":"https:\/\/radiostudiow.com.br\/site\/wp-json\/wp\/v2\/comments?post=31344"}],"version-history":[{"count":3,"href":"https:\/\/radiostudiow.com.br\/site\/wp-json\/wp\/v2\/posts\/31344\/revisions"}],"predecessor-version":[{"id":31375,"href":"https:\/\/radiostudiow.com.br\/site\/wp-json\/wp\/v2\/posts\/31344\/revisions\/31375"}],"wp:featuredmedia":[{"embeddable":true,"href":"https:\/\/radiostudiow.com.br\/site\/wp-json\/wp\/v2\/media\/31346"}],"wp:attachment":[{"href":"https:\/\/radiostudiow.com.br\/site\/wp-json\/wp\/v2\/media?parent=31344"}],"wp:term":[{"taxonomy":"category","embeddable":true,"href":"https:\/\/radiostudiow.com.br\/site\/wp-json\/wp\/v2\/categories?post=31344"},{"taxonomy":"post_tag","embeddable":true,"href":"https:\/\/radiostudiow.com.br\/site\/wp-json\/wp\/v2\/tags?post=31344"}],"curies":[{"name":"wp","href":"https:\/\/api.w.org\/{rel}","templated":true}]}}