{"id":31348,"date":"2024-12-09T10:12:32","date_gmt":"2024-12-09T13:12:32","guid":{"rendered":"https:\/\/radiostudiow.com.br\/site\/?p=31348"},"modified":"2025-01-31T14:58:07","modified_gmt":"2025-01-31T17:58:07","slug":"homem-de-31-anos-morre-em-queda-de-moto-em-porto-uniao","status":"publish","type":"post","link":"https:\/\/radiostudiow.com.br\/site\/2024\/12\/09\/homem-de-31-anos-morre-em-queda-de-moto-em-porto-uniao\/","title":{"rendered":"Homem de 31 anos morre em queda de moto em Porto Uni\u00e3o"},"content":{"rendered":"\n<p>Por volta das 05h20 desta manh\u00e3, o Corpo de Bombeiros de Porto Uni\u00e3o para atender a um acidente de tr\u00e2nsito do tipo queda de motocicleta, na Rua Helmuth Muller, no bairro Bela Vista, em Porto Uni\u00e3o.<\/p>\n\n\n\n<figure class=\"wp-block-image size-full\"><img loading=\"lazy\" decoding=\"async\" width=\"300\" height=\"180\" src=\"https:\/\/radiostudiow.com.br\/site\/wp-content\/uploads\/2024\/04\/image-26.png\" alt=\"\" class=\"wp-image-21279\"\/><\/figure>\n\n\n\n<p>Ao chegarem no local, os bombeiros encontraram uma motocicleta Honda\/CG Start, de cor vermelha, ca\u00edda na margem da pista.\u00a0Ao lado da moto, estava o corpo de um homem de 31 anos, que era o garupa da motocicleta. A equipe de resgate confirmou a aus\u00eancia total dos sinais vitais na v\u00edtima.<\/p>\n\n\n\n<p>O condutor da moto, que n\u00e3o sofreu ferimentos graves, conseguiu se deslocar at\u00e9 um local seguro e acionou as autoridades.<\/p>\n\n\n\n<p>A guarni\u00e7\u00e3o permaneceu no local at\u00e9 a chegada da Pol\u00edcia Cient\u00edfica para a per\u00edcia. O acidente est\u00e1 sendo investigado pelas autoridades.<\/p>\n","protected":false},"excerpt":{"rendered":"<p>Por volta das 05h20 desta manh\u00e3, o Corpo de Bombeiros de Porto Uni\u00e3o para atender a um acidente de tr\u00e2nsito do tipo queda de motocicleta, na Rua Helmuth Muller, no bairro Bela Vista, em Porto Uni\u00e3o. Ao chegarem no local, os bombeiros encontraram uma motocicleta Honda\/CG Start, de cor vermelha, ca\u00edda na margem da pista.\u00a0Ao [&hellip;]<\/p>\n","protected":false},"author":2,"featured_media":31350,"comment_status":"open","ping_status":"open","sticky":false,"template":"","format":"standard","meta":{"footnotes":""},"categories":[185],"tags":[172],"class_list":["post-31348","post","type-post","status-publish","format-standard","has-post-thumbnail","hentry","category-regional","tag-featured"],"amp_enabled":true,"_links":{"self":[{"href":"https:\/\/radiostudiow.com.br\/site\/wp-json\/wp\/v2\/posts\/31348","targetHints":{"allow":["GET"]}}],"collection":[{"href":"https:\/\/radiostudiow.com.br\/site\/wp-json\/wp\/v2\/posts"}],"about":[{"href":"https:\/\/radiostudiow.com.br\/site\/wp-json\/wp\/v2\/types\/post"}],"author":[{"embeddable":true,"href":"https:\/\/radiostudiow.com.br\/site\/wp-json\/wp\/v2\/users\/2"}],"replies":[{"embeddable":true,"href":"https:\/\/radiostudiow.com.br\/site\/wp-json\/wp\/v2\/comments?post=31348"}],"version-history":[{"count":2,"href":"https:\/\/radiostudiow.com.br\/site\/wp-json\/wp\/v2\/posts\/31348\/revisions"}],"predecessor-version":[{"id":31351,"href":"https:\/\/radiostudiow.com.br\/site\/wp-json\/wp\/v2\/posts\/31348\/revisions\/31351"}],"wp:featuredmedia":[{"embeddable":true,"href":"https:\/\/radiostudiow.com.br\/site\/wp-json\/wp\/v2\/media\/31350"}],"wp:attachment":[{"href":"https:\/\/radiostudiow.com.br\/site\/wp-json\/wp\/v2\/media?parent=31348"}],"wp:term":[{"taxonomy":"category","embeddable":true,"href":"https:\/\/radiostudiow.com.br\/site\/wp-json\/wp\/v2\/categories?post=31348"},{"taxonomy":"post_tag","embeddable":true,"href":"https:\/\/radiostudiow.com.br\/site\/wp-json\/wp\/v2\/tags?post=31348"}],"curies":[{"name":"wp","href":"https:\/\/api.w.org\/{rel}","templated":true}]}}