{"id":31355,"date":"2024-12-09T16:56:55","date_gmt":"2024-12-09T19:56:55","guid":{"rendered":"https:\/\/radiostudiow.com.br\/site\/?p=31355"},"modified":"2025-01-31T14:58:07","modified_gmt":"2025-01-31T17:58:07","slug":"interdicao-total-da-br-277-na-serra-da-esperanca-permanece-devido-aos-novos-deslizamentos","status":"publish","type":"post","link":"https:\/\/radiostudiow.com.br\/site\/2024\/12\/09\/interdicao-total-da-br-277-na-serra-da-esperanca-permanece-devido-aos-novos-deslizamentos\/","title":{"rendered":"Interdi\u00e7\u00e3o total da BR-277 na Serra da Esperan\u00e7a permanece devido aos novos deslizamentos"},"content":{"rendered":"\n<p>A Pol\u00edcia Rodovi\u00e1ria Federal informa que novos deslizamentos foram registrados em outros pontos da rodovia BR-277, na regi\u00e3o da Serra da Esperan\u00e7a, em Guarapuava\/PR.<\/p>\n\n\n\n<p>Al\u00e9m do deslizamento inicial no Km 309 da BR-277, outros ocorreram nas alturas dos quil\u00f4metros 306, 307 e 310.<\/p>\n\n\n\n<figure class=\"wp-block-image size-full\"><img loading=\"lazy\" decoding=\"async\" width=\"897\" height=\"204\" src=\"https:\/\/radiostudiow.com.br\/site\/wp-content\/uploads\/2024\/11\/image-49.png\" alt=\"\" class=\"wp-image-30017\" srcset=\"https:\/\/radiostudiow.com.br\/site\/wp-content\/uploads\/2024\/11\/image-49.png 897w, https:\/\/radiostudiow.com.br\/site\/wp-content\/uploads\/2024\/11\/image-49-300x68.png 300w, https:\/\/radiostudiow.com.br\/site\/wp-content\/uploads\/2024\/11\/image-49-768x175.png 768w\" sizes=\"auto, (max-width: 897px) 100vw, 897px\" \/><\/figure>\n\n\n\n<p>A PRF refor\u00e7a que a \u00e1rea permanece com risco elevado para seguran\u00e7a vi\u00e1ria, e as condi\u00e7\u00f5es clim\u00e1ticas aumentam a probabilidade de novos desmoronamentos.<\/p>\n\n\n\n<p>A rodovia permanece com interdi\u00e7\u00e3o total, sem previs\u00e3o de libera\u00e7\u00e3o, por isso, a PRF continua recomendando que os motoristas, na medida do poss\u00edvel, reprogramem suas viagens ou para aqueles que necessitam continuar suas viagens, busquem rotas alternativas adicionais, at\u00e9 que a situa\u00e7\u00e3o na Serra da Esperan\u00e7a seja normalizada.<\/p>\n\n\n\n<figure class=\"wp-block-video\"><video height=\"720\" style=\"aspect-ratio: 1280 \/ 720;\" width=\"1280\" controls src=\"https:\/\/radiostudiow.com.br\/site\/wp-content\/uploads\/2024\/12\/WhatsApp-Video-2024-12-09-at-16.15.10-1.mp4\"><\/video><figcaption class=\"wp-element-caption\"><em>V\u00eddeo: PRF<\/em><\/figcaption><\/figure>\n\n\n\n<p><\/p>\n\n\n\n<h2 class=\"wp-block-heading\">DER\/PR orienta que ve\u00edculos pesados n\u00e3o utilizem a PR-364 como rota alternativa<\/h2>\n\n\n\n<p>O Departamento de Estradas de Rodagem do Paran\u00e1 (DER\/PR) orienta condutores de ve\u00edculos pesados a n\u00e3o utilizarem a PR-364 como rota alternativa durante a interdi\u00e7\u00e3o da BR-277 pelo Departamento Nacional de Infraestrutura de Transportes (DNIT).<\/p>\n\n\n\n<p>A rodovia federal est\u00e1 com tr\u00e1fego totalmente bloqueado ap\u00f3s queda de barreira desde a manh\u00e3 de domingo (08), com os ve\u00edculos sendo desviados pela PR-364, passando pelo munic\u00edpio de In\u00e1cio Martins. Isso est\u00e1 resultando em um fluxo de tr\u00e1fego praticamente dez vezes maior que o normal para esta rodovia.<\/p>\n\n\n\n<figure class=\"wp-block-image size-full\"><img loading=\"lazy\" decoding=\"async\" width=\"598\" height=\"204\" src=\"https:\/\/radiostudiow.com.br\/site\/wp-content\/uploads\/2024\/10\/labirati.png\" alt=\"\" class=\"wp-image-28854\" srcset=\"https:\/\/radiostudiow.com.br\/site\/wp-content\/uploads\/2024\/10\/labirati.png 598w, https:\/\/radiostudiow.com.br\/site\/wp-content\/uploads\/2024\/10\/labirati-300x102.png 300w\" sizes=\"auto, (max-width: 598px) 100vw, 598px\" \/><\/figure>\n\n\n\n<p>Por se tratar de pista simples, sem acostamentos e em regi\u00e3o de serra, atualmente com chuvas constantes, as panes em ve\u00edculos pesados resultam em congestionamentos e longos per\u00edodos de espera para todos os usu\u00e1rios.<\/p>\n\n\n\n<p>A orienta\u00e7\u00e3o aos caminhoneiros \u00e9 de procurar outras rotas apesar da dist\u00e2ncia maior, aguardar a libera\u00e7\u00e3o da BR-277 em pontos de parada, ou mesmo que retornem ao ponto de origem, utilizando a PR-364 somente em \u00faltimo caso.<\/p>\n\n\n\n<figure class=\"wp-block-image size-large\"><img loading=\"lazy\" decoding=\"async\" width=\"819\" height=\"1024\" src=\"https:\/\/radiostudiow.com.br\/site\/wp-content\/uploads\/2024\/12\/image-40-819x1024.png\" alt=\"\" class=\"wp-image-31360\" srcset=\"https:\/\/radiostudiow.com.br\/site\/wp-content\/uploads\/2024\/12\/image-40-819x1024.png 819w, https:\/\/radiostudiow.com.br\/site\/wp-content\/uploads\/2024\/12\/image-40-240x300.png 240w, https:\/\/radiostudiow.com.br\/site\/wp-content\/uploads\/2024\/12\/image-40-768x960.png 768w, https:\/\/radiostudiow.com.br\/site\/wp-content\/uploads\/2024\/12\/image-40.png 1080w\" sizes=\"auto, (max-width: 819px) 100vw, 819px\" \/><figcaption class=\"wp-element-caption\"><em>Foto: Divulga\u00e7\u00e3o Redes Sociais<\/em><\/figcaption><\/figure>\n","protected":false},"excerpt":{"rendered":"<p>A Pol\u00edcia Rodovi\u00e1ria Federal informa que novos deslizamentos foram registrados em outros pontos da rodovia BR-277, na regi\u00e3o da Serra da Esperan\u00e7a, em Guarapuava\/PR. Al\u00e9m do deslizamento inicial no Km 309 da BR-277, outros ocorreram nas alturas dos quil\u00f4metros 306, 307 e 310. A PRF refor\u00e7a que a \u00e1rea permanece com risco elevado para seguran\u00e7a [&hellip;]<\/p>\n","protected":false},"author":2,"featured_media":31356,"comment_status":"open","ping_status":"open","sticky":false,"template":"","format":"standard","meta":{"footnotes":""},"categories":[7],"tags":[172],"class_list":["post-31355","post","type-post","status-publish","format-standard","has-post-thumbnail","hentry","category-geral","tag-featured"],"amp_enabled":true,"_links":{"self":[{"href":"https:\/\/radiostudiow.com.br\/site\/wp-json\/wp\/v2\/posts\/31355","targetHints":{"allow":["GET"]}}],"collection":[{"href":"https:\/\/radiostudiow.com.br\/site\/wp-json\/wp\/v2\/posts"}],"about":[{"href":"https:\/\/radiostudiow.com.br\/site\/wp-json\/wp\/v2\/types\/post"}],"author":[{"embeddable":true,"href":"https:\/\/radiostudiow.com.br\/site\/wp-json\/wp\/v2\/users\/2"}],"replies":[{"embeddable":true,"href":"https:\/\/radiostudiow.com.br\/site\/wp-json\/wp\/v2\/comments?post=31355"}],"version-history":[{"count":2,"href":"https:\/\/radiostudiow.com.br\/site\/wp-json\/wp\/v2\/posts\/31355\/revisions"}],"predecessor-version":[{"id":31362,"href":"https:\/\/radiostudiow.com.br\/site\/wp-json\/wp\/v2\/posts\/31355\/revisions\/31362"}],"wp:featuredmedia":[{"embeddable":true,"href":"https:\/\/radiostudiow.com.br\/site\/wp-json\/wp\/v2\/media\/31356"}],"wp:attachment":[{"href":"https:\/\/radiostudiow.com.br\/site\/wp-json\/wp\/v2\/media?parent=31355"}],"wp:term":[{"taxonomy":"category","embeddable":true,"href":"https:\/\/radiostudiow.com.br\/site\/wp-json\/wp\/v2\/categories?post=31355"},{"taxonomy":"post_tag","embeddable":true,"href":"https:\/\/radiostudiow.com.br\/site\/wp-json\/wp\/v2\/tags?post=31355"}],"curies":[{"name":"wp","href":"https:\/\/api.w.org\/{rel}","templated":true}]}}