{"id":31363,"date":"2024-12-09T18:23:45","date_gmt":"2024-12-09T21:23:45","guid":{"rendered":"https:\/\/radiostudiow.com.br\/site\/?p=31363"},"modified":"2025-01-31T14:58:07","modified_gmt":"2025-01-31T17:58:07","slug":"identificado-homem-que-morreu-apos-queda-de-moto-em-porto-uniao","status":"publish","type":"post","link":"https:\/\/radiostudiow.com.br\/site\/2024\/12\/09\/identificado-homem-que-morreu-apos-queda-de-moto-em-porto-uniao\/","title":{"rendered":"Identificado homem que morreu ap\u00f3s queda de moto em Porto Uni\u00e3o"},"content":{"rendered":"\n<p>Foi identificado como\u00a0<strong>Jackson Carneiro, de 31 anos,<\/strong>\u00a0a v\u00edtima fatal do acidente na madrugaa desta segunda-feira, 9, em Porto Uni\u00e3o.<\/p>\n\n\n\n<figure class=\"wp-block-image size-full\"><img loading=\"lazy\" decoding=\"async\" width=\"851\" height=\"315\" src=\"https:\/\/radiostudiow.com.br\/site\/wp-content\/uploads\/2024\/11\/image-102.png\" alt=\"\" class=\"wp-image-30741\" srcset=\"https:\/\/radiostudiow.com.br\/site\/wp-content\/uploads\/2024\/11\/image-102.png 851w, https:\/\/radiostudiow.com.br\/site\/wp-content\/uploads\/2024\/11\/image-102-300x111.png 300w, https:\/\/radiostudiow.com.br\/site\/wp-content\/uploads\/2024\/11\/image-102-768x284.png 768w\" sizes=\"auto, (max-width: 851px) 100vw, 851px\" \/><\/figure>\n\n\n\n<p>O acidente aconteceu na rua Hellmut Muller, no Bela Vista em Porto Uni\u00e3o. Ele estava na garupa da motocicleta, uma Honda CG Start de cor vermelha, o condutor da moto sofreu ferimentos com v\u00e1rias fraturas e est\u00e1 internado em um hospital.<\/p>\n\n\n\n<p>Jackson era morador do Conjunto Porto Uni\u00e3o, trabalhava em uma empresa de coleta de res\u00edduos domiciliares.<\/p>\n","protected":false},"excerpt":{"rendered":"<p>Foi identificado como\u00a0Jackson Carneiro, de 31 anos,\u00a0a v\u00edtima fatal do acidente na madrugaa desta segunda-feira, 9, em Porto Uni\u00e3o. O acidente aconteceu na rua Hellmut Muller, no Bela Vista em Porto Uni\u00e3o. Ele estava na garupa da motocicleta, uma Honda CG Start de cor vermelha, o condutor da moto sofreu ferimentos com v\u00e1rias fraturas e [&hellip;]<\/p>\n","protected":false},"author":2,"featured_media":31365,"comment_status":"open","ping_status":"open","sticky":false,"template":"","format":"standard","meta":{"footnotes":""},"categories":[185],"tags":[172],"class_list":["post-31363","post","type-post","status-publish","format-standard","has-post-thumbnail","hentry","category-regional","tag-featured"],"amp_enabled":true,"_links":{"self":[{"href":"https:\/\/radiostudiow.com.br\/site\/wp-json\/wp\/v2\/posts\/31363","targetHints":{"allow":["GET"]}}],"collection":[{"href":"https:\/\/radiostudiow.com.br\/site\/wp-json\/wp\/v2\/posts"}],"about":[{"href":"https:\/\/radiostudiow.com.br\/site\/wp-json\/wp\/v2\/types\/post"}],"author":[{"embeddable":true,"href":"https:\/\/radiostudiow.com.br\/site\/wp-json\/wp\/v2\/users\/2"}],"replies":[{"embeddable":true,"href":"https:\/\/radiostudiow.com.br\/site\/wp-json\/wp\/v2\/comments?post=31363"}],"version-history":[{"count":1,"href":"https:\/\/radiostudiow.com.br\/site\/wp-json\/wp\/v2\/posts\/31363\/revisions"}],"predecessor-version":[{"id":31366,"href":"https:\/\/radiostudiow.com.br\/site\/wp-json\/wp\/v2\/posts\/31363\/revisions\/31366"}],"wp:featuredmedia":[{"embeddable":true,"href":"https:\/\/radiostudiow.com.br\/site\/wp-json\/wp\/v2\/media\/31365"}],"wp:attachment":[{"href":"https:\/\/radiostudiow.com.br\/site\/wp-json\/wp\/v2\/media?parent=31363"}],"wp:term":[{"taxonomy":"category","embeddable":true,"href":"https:\/\/radiostudiow.com.br\/site\/wp-json\/wp\/v2\/categories?post=31363"},{"taxonomy":"post_tag","embeddable":true,"href":"https:\/\/radiostudiow.com.br\/site\/wp-json\/wp\/v2\/tags?post=31363"}],"curies":[{"name":"wp","href":"https:\/\/api.w.org\/{rel}","templated":true}]}}