{"id":31367,"date":"2024-12-09T20:09:39","date_gmt":"2024-12-09T23:09:39","guid":{"rendered":"https:\/\/radiostudiow.com.br\/site\/?p=31367"},"modified":"2025-01-31T14:58:07","modified_gmt":"2025-01-31T17:58:07","slug":"grave-acidente-na-br-282-deixa-motorista-de-uniao-da-vitoria-preso-as-ferragens","status":"publish","type":"post","link":"https:\/\/radiostudiow.com.br\/site\/2024\/12\/09\/grave-acidente-na-br-282-deixa-motorista-de-uniao-da-vitoria-preso-as-ferragens\/","title":{"rendered":"Grave acidente na BR-282 deixa motorista de Uni\u00e3o da Vit\u00f3ria preso \u00e0s ferragens"},"content":{"rendered":"\n<p>Na manh\u00e3 deste s\u00e1bado, 7, por volta das 08h, um grave acidente de tr\u00e2nsito foi registrado na BR-282, nas proximidades da curva da Melancia, entre os munic\u00edpios de Xanxer\u00ea e Xaxim. O incidente envolveu uma colis\u00e3o traseira entre um caminh\u00e3o ba\u00fa e uma carreta tanque, mobilizando equipes do Corpo de Bombeiros Militar de Xanxer\u00ea e Xaxim, al\u00e9m do SAMU.<\/p>\n\n\n\n<p>No local, os bombeiros constataram que o motorista do caminh\u00e3o ficou preso \u00e0s ferragens devido ao forte impacto. Ele \u00e9 morador de Uni\u00e3o da Vit\u00f3ria, conhecido como Ronaldinho.&nbsp;<\/p>\n\n\n\n<figure class=\"wp-block-image size-full\"><img loading=\"lazy\" decoding=\"async\" width=\"900\" height=\"408\" src=\"https:\/\/radiostudiow.com.br\/site\/wp-content\/uploads\/2024\/09\/image-64-1.png\" alt=\"\" class=\"wp-image-28207\" srcset=\"https:\/\/radiostudiow.com.br\/site\/wp-content\/uploads\/2024\/09\/image-64-1.png 900w, https:\/\/radiostudiow.com.br\/site\/wp-content\/uploads\/2024\/09\/image-64-1-300x136.png 300w, https:\/\/radiostudiow.com.br\/site\/wp-content\/uploads\/2024\/09\/image-64-1-768x348.png 768w\" sizes=\"auto, (max-width: 900px) 100vw, 900px\" \/><\/figure>\n\n\n\n<p>O resgate foi considerado complexo devido ao envolvimento de ve\u00edculos pesados e \u00e0 dificuldade de remo\u00e7\u00e3o da v\u00edtima, que estava presa na cabine. Durante o atendimento, a equipe m\u00e9dica do SAMU, com o apoio dos socorristas, estabilizou o motorista, que apresentava hemorragia ativa e suspeita de fraturas em ambas as pernas. Para controlar a hemorragia, foi aplicado um torniquete, e o resgate foi conclu\u00eddo ap\u00f3s cerca de 1h50min.<\/p>\n\n\n\n<p>A v\u00edtima, que permaneceu consciente e orientada durante todo o atendimento, foi encaminhada ao Hospital Regional S\u00e3o Paulo, em Xanxer\u00ea, pela equipe do SAMU. J\u00e1 o condutor da carreta n\u00e3o sofreu ferimentos e recebeu atendimento da Pol\u00edcia Rodovi\u00e1ria Federal (PRF).<\/p>\n\n\n\n<p>O acidente gerou grande mobiliza\u00e7\u00e3o das equipes de resgate e chamou a aten\u00e7\u00e3o pela gravidade da situa\u00e7\u00e3o.<\/p>\n\n\n\n<figure class=\"wp-block-image size-full\"><img loading=\"lazy\" decoding=\"async\" width=\"599\" height=\"600\" src=\"https:\/\/radiostudiow.com.br\/site\/wp-content\/uploads\/2024\/12\/469557124_1128642895296641_2773669299932561973_n-599x600-1.jpg\" alt=\"\" class=\"wp-image-31379\" srcset=\"https:\/\/radiostudiow.com.br\/site\/wp-content\/uploads\/2024\/12\/469557124_1128642895296641_2773669299932561973_n-599x600-1.jpg 599w, https:\/\/radiostudiow.com.br\/site\/wp-content\/uploads\/2024\/12\/469557124_1128642895296641_2773669299932561973_n-599x600-1-300x300.jpg 300w, https:\/\/radiostudiow.com.br\/site\/wp-content\/uploads\/2024\/12\/469557124_1128642895296641_2773669299932561973_n-599x600-1-80x80.jpg 80w\" sizes=\"auto, (max-width: 599px) 100vw, 599px\" \/><\/figure>\n\n\n\n<p><em>Fontes: R\u00e1dio Chapec\u00f3 e Portal Rede Princesa<\/em><\/p>\n","protected":false},"excerpt":{"rendered":"<p>Na manh\u00e3 deste s\u00e1bado, 7, por volta das 08h, um grave acidente de tr\u00e2nsito foi registrado na BR-282, nas proximidades da curva da Melancia, entre os munic\u00edpios de Xanxer\u00ea e Xaxim. O incidente envolveu uma colis\u00e3o traseira entre um caminh\u00e3o ba\u00fa e uma carreta tanque, mobilizando equipes do Corpo de Bombeiros Militar de Xanxer\u00ea e [&hellip;]<\/p>\n","protected":false},"author":2,"featured_media":31378,"comment_status":"open","ping_status":"open","sticky":false,"template":"","format":"standard","meta":{"footnotes":""},"categories":[185],"tags":[172],"class_list":["post-31367","post","type-post","status-publish","format-standard","has-post-thumbnail","hentry","category-regional","tag-featured"],"amp_enabled":true,"_links":{"self":[{"href":"https:\/\/radiostudiow.com.br\/site\/wp-json\/wp\/v2\/posts\/31367","targetHints":{"allow":["GET"]}}],"collection":[{"href":"https:\/\/radiostudiow.com.br\/site\/wp-json\/wp\/v2\/posts"}],"about":[{"href":"https:\/\/radiostudiow.com.br\/site\/wp-json\/wp\/v2\/types\/post"}],"author":[{"embeddable":true,"href":"https:\/\/radiostudiow.com.br\/site\/wp-json\/wp\/v2\/users\/2"}],"replies":[{"embeddable":true,"href":"https:\/\/radiostudiow.com.br\/site\/wp-json\/wp\/v2\/comments?post=31367"}],"version-history":[{"count":2,"href":"https:\/\/radiostudiow.com.br\/site\/wp-json\/wp\/v2\/posts\/31367\/revisions"}],"predecessor-version":[{"id":31380,"href":"https:\/\/radiostudiow.com.br\/site\/wp-json\/wp\/v2\/posts\/31367\/revisions\/31380"}],"wp:featuredmedia":[{"embeddable":true,"href":"https:\/\/radiostudiow.com.br\/site\/wp-json\/wp\/v2\/media\/31378"}],"wp:attachment":[{"href":"https:\/\/radiostudiow.com.br\/site\/wp-json\/wp\/v2\/media?parent=31367"}],"wp:term":[{"taxonomy":"category","embeddable":true,"href":"https:\/\/radiostudiow.com.br\/site\/wp-json\/wp\/v2\/categories?post=31367"},{"taxonomy":"post_tag","embeddable":true,"href":"https:\/\/radiostudiow.com.br\/site\/wp-json\/wp\/v2\/tags?post=31367"}],"curies":[{"name":"wp","href":"https:\/\/api.w.org\/{rel}","templated":true}]}}