{"id":31384,"date":"2024-12-09T21:08:20","date_gmt":"2024-12-10T00:08:20","guid":{"rendered":"https:\/\/radiostudiow.com.br\/site\/?p=31384"},"modified":"2025-01-31T14:58:07","modified_gmt":"2025-01-31T17:58:07","slug":"queda-de-arvore-bloqueia-br-476-na-regiao-de-paulo-frontin","status":"publish","type":"post","link":"https:\/\/radiostudiow.com.br\/site\/2024\/12\/09\/queda-de-arvore-bloqueia-br-476-na-regiao-de-paulo-frontin\/","title":{"rendered":"Queda de \u00e1rvore bloqueia BR-476 na regi\u00e3o de Paulo Frontin"},"content":{"rendered":"\n<p>A chuva que caiu na regi\u00e3o durante essa segunda-feira, dia 09, provocou transtornos na rodovia BR-476, na regi\u00e3o de Paulo Frontin, ap\u00f3s uma \u00e1rvore cair sobre a pista e deixar a rodovia bloqueada.<\/p>\n\n\n\n<figure class=\"wp-block-image size-full\"><img loading=\"lazy\" decoding=\"async\" width=\"851\" height=\"315\" src=\"https:\/\/radiostudiow.com.br\/site\/wp-content\/uploads\/2024\/11\/image-102.png\" alt=\"\" class=\"wp-image-30741\" srcset=\"https:\/\/radiostudiow.com.br\/site\/wp-content\/uploads\/2024\/11\/image-102.png 851w, https:\/\/radiostudiow.com.br\/site\/wp-content\/uploads\/2024\/11\/image-102-300x111.png 300w, https:\/\/radiostudiow.com.br\/site\/wp-content\/uploads\/2024\/11\/image-102-768x284.png 768w\" sizes=\"auto, (max-width: 851px) 100vw, 851px\" \/><\/figure>\n\n\n\n<p>A situa\u00e7\u00e3o aconteceu no per\u00edodo da tarde. A \u00e1rvore bloqueou o tr\u00e2nsito formando filas de ve\u00edculos. Al\u00e9m disso, o trecho entre Uni\u00e3o da Vit\u00f3ria e S\u00e3o Mateus do Sul tamb\u00e9m registrou v\u00e1rios ve\u00edculos parados com pneus furados devido aos \u00ednumeros buracos na pista.<\/p>\n\n\n\n<p>A orienta\u00e7\u00e3o \u00e9 para que todos os motoristas que trafegarem pela rodovia BR-476 redobrem a aten\u00e7\u00e3o para evitar acidentes e tamb\u00e9m evitar preju\u00edzos.<\/p>\n","protected":false},"excerpt":{"rendered":"<p>A chuva que caiu na regi\u00e3o durante essa segunda-feira, dia 09, provocou transtornos na rodovia BR-476, na regi\u00e3o de Paulo Frontin, ap\u00f3s uma \u00e1rvore cair sobre a pista e deixar a rodovia bloqueada. A situa\u00e7\u00e3o aconteceu no per\u00edodo da tarde. A \u00e1rvore bloqueou o tr\u00e2nsito formando filas de ve\u00edculos. Al\u00e9m disso, o trecho entre Uni\u00e3o [&hellip;]<\/p>\n","protected":false},"author":2,"featured_media":31385,"comment_status":"open","ping_status":"open","sticky":false,"template":"","format":"standard","meta":{"footnotes":""},"categories":[185],"tags":[172],"class_list":["post-31384","post","type-post","status-publish","format-standard","has-post-thumbnail","hentry","category-regional","tag-featured"],"amp_enabled":true,"_links":{"self":[{"href":"https:\/\/radiostudiow.com.br\/site\/wp-json\/wp\/v2\/posts\/31384","targetHints":{"allow":["GET"]}}],"collection":[{"href":"https:\/\/radiostudiow.com.br\/site\/wp-json\/wp\/v2\/posts"}],"about":[{"href":"https:\/\/radiostudiow.com.br\/site\/wp-json\/wp\/v2\/types\/post"}],"author":[{"embeddable":true,"href":"https:\/\/radiostudiow.com.br\/site\/wp-json\/wp\/v2\/users\/2"}],"replies":[{"embeddable":true,"href":"https:\/\/radiostudiow.com.br\/site\/wp-json\/wp\/v2\/comments?post=31384"}],"version-history":[{"count":1,"href":"https:\/\/radiostudiow.com.br\/site\/wp-json\/wp\/v2\/posts\/31384\/revisions"}],"predecessor-version":[{"id":31386,"href":"https:\/\/radiostudiow.com.br\/site\/wp-json\/wp\/v2\/posts\/31384\/revisions\/31386"}],"wp:featuredmedia":[{"embeddable":true,"href":"https:\/\/radiostudiow.com.br\/site\/wp-json\/wp\/v2\/media\/31385"}],"wp:attachment":[{"href":"https:\/\/radiostudiow.com.br\/site\/wp-json\/wp\/v2\/media?parent=31384"}],"wp:term":[{"taxonomy":"category","embeddable":true,"href":"https:\/\/radiostudiow.com.br\/site\/wp-json\/wp\/v2\/categories?post=31384"},{"taxonomy":"post_tag","embeddable":true,"href":"https:\/\/radiostudiow.com.br\/site\/wp-json\/wp\/v2\/tags?post=31384"}],"curies":[{"name":"wp","href":"https:\/\/api.w.org\/{rel}","templated":true}]}}