{"id":31388,"date":"2024-12-10T21:05:03","date_gmt":"2024-12-11T00:05:03","guid":{"rendered":"https:\/\/radiostudiow.com.br\/site\/?p=31388"},"modified":"2025-01-31T14:58:07","modified_gmt":"2025-01-31T17:58:07","slug":"video-usuarios-reclamam-das-condicoes-precarias-da-br-476-entre-sao-mateus-do-sul-e-uniao-da-vitoria","status":"publish","type":"post","link":"https:\/\/radiostudiow.com.br\/site\/2024\/12\/10\/video-usuarios-reclamam-das-condicoes-precarias-da-br-476-entre-sao-mateus-do-sul-e-uniao-da-vitoria\/","title":{"rendered":"V\u00eddeo: Usu\u00e1rios reclamam das condi\u00e7\u00f5es prec\u00e1rias da BR-476 entre S\u00e3o Mateus do Sul e Uni\u00e3o da Vit\u00f3ria"},"content":{"rendered":"\n<p>O Portal P97 recebeu diversas den\u00fancias de motoristas sobre as condi\u00e7\u00f5es cr\u00edticas da BR-476, que conecta S\u00e3o Mateus do Sul a Uni\u00e3o da Vit\u00f3ria. Fotos e v\u00eddeos enviados \u00e0 reda\u00e7\u00e3o mostram o estado deteriorado da rodovia, com in\u00fameros buracos que se agravaram ap\u00f3s as chuvas dos \u00faltimos dias.<\/p>\n\n\n\n<figure class=\"wp-block-image size-full\"><img loading=\"lazy\" decoding=\"async\" width=\"897\" height=\"204\" src=\"https:\/\/radiostudiow.com.br\/site\/wp-content\/uploads\/2024\/11\/image-49.png\" alt=\"\" class=\"wp-image-30017\" srcset=\"https:\/\/radiostudiow.com.br\/site\/wp-content\/uploads\/2024\/11\/image-49.png 897w, https:\/\/radiostudiow.com.br\/site\/wp-content\/uploads\/2024\/11\/image-49-300x68.png 300w, https:\/\/radiostudiow.com.br\/site\/wp-content\/uploads\/2024\/11\/image-49-768x175.png 768w\" sizes=\"auto, (max-width: 897px) 100vw, 897px\" \/><\/figure>\n\n\n\n<p>A situa\u00e7\u00e3o tem causado indigna\u00e7\u00e3o e medo entre os motoristas, que relatam constantes acidentes, capotamentos e preju\u00edzos materiais devido \u00e0 precariedade da pista.A BR-476 \u00e9 uma rota estrat\u00e9gica para o transporte e conex\u00e3o de diversas regi\u00f5es, mas a falta de condi\u00e7\u00f5es seguras tem gerado preocupa\u00e7\u00e3o entre seus usu\u00e1rios.<\/p>\n\n\n\n<p>\u201cOs buracos s\u00f3 aumentam. Mesmo com os reparos, a situa\u00e7\u00e3o piora sempre que chove. \u00c9 perigoso trafegar por aqui\u201d, desabafou um motorista que utiliza a rodovia diariamente.<\/p>\n\n\n\n<p>Se utiliza a BR-476, compartilhe sua opini\u00e3o sobre as condi\u00e7\u00f5es da estrada e os desafios enfrentados. Sua participa\u00e7\u00e3o pode ajudar a trazer visibilidade a esse problema e pressionar por solu\u00e7\u00f5es.<\/p>\n\n\n\n<figure class=\"wp-block-image size-full\"><img loading=\"lazy\" decoding=\"async\" width=\"900\" height=\"408\" src=\"https:\/\/radiostudiow.com.br\/site\/wp-content\/uploads\/2024\/09\/image-64-1.png\" alt=\"\" class=\"wp-image-28207\" srcset=\"https:\/\/radiostudiow.com.br\/site\/wp-content\/uploads\/2024\/09\/image-64-1.png 900w, https:\/\/radiostudiow.com.br\/site\/wp-content\/uploads\/2024\/09\/image-64-1-300x136.png 300w, https:\/\/radiostudiow.com.br\/site\/wp-content\/uploads\/2024\/09\/image-64-1-768x348.png 768w\" sizes=\"auto, (max-width: 900px) 100vw, 900px\" \/><\/figure>\n\n\n\n<figure class=\"wp-block-video\"><video height=\"1280\" style=\"aspect-ratio: 720 \/ 1280;\" width=\"720\" controls src=\"https:\/\/radiostudiow.com.br\/site\/wp-content\/uploads\/2024\/12\/Usuarios-reclamam-das-condicoes-precarias-da-BR-476-entre-Sao-Mateus-do-Sul-e-Uniao-da-VitoriaO-Portal-P97-recebeu-diversas-denuncias-de-motoristas-sobre-as-condicoes-criticas-da-BR-476-que-c.mp4\"><\/video><\/figure>\n\n\n\n<p><\/p>\n","protected":false},"excerpt":{"rendered":"<p>O Portal P97 recebeu diversas den\u00fancias de motoristas sobre as condi\u00e7\u00f5es cr\u00edticas da BR-476, que conecta S\u00e3o Mateus do Sul a Uni\u00e3o da Vit\u00f3ria. Fotos e v\u00eddeos enviados \u00e0 reda\u00e7\u00e3o mostram o estado deteriorado da rodovia, com in\u00fameros buracos que se agravaram ap\u00f3s as chuvas dos \u00faltimos dias. A situa\u00e7\u00e3o tem causado indigna\u00e7\u00e3o e medo [&hellip;]<\/p>\n","protected":false},"author":2,"featured_media":31413,"comment_status":"open","ping_status":"open","sticky":false,"template":"","format":"standard","meta":{"footnotes":""},"categories":[185],"tags":[172],"class_list":["post-31388","post","type-post","status-publish","format-standard","has-post-thumbnail","hentry","category-regional","tag-featured"],"amp_enabled":true,"_links":{"self":[{"href":"https:\/\/radiostudiow.com.br\/site\/wp-json\/wp\/v2\/posts\/31388","targetHints":{"allow":["GET"]}}],"collection":[{"href":"https:\/\/radiostudiow.com.br\/site\/wp-json\/wp\/v2\/posts"}],"about":[{"href":"https:\/\/radiostudiow.com.br\/site\/wp-json\/wp\/v2\/types\/post"}],"author":[{"embeddable":true,"href":"https:\/\/radiostudiow.com.br\/site\/wp-json\/wp\/v2\/users\/2"}],"replies":[{"embeddable":true,"href":"https:\/\/radiostudiow.com.br\/site\/wp-json\/wp\/v2\/comments?post=31388"}],"version-history":[{"count":5,"href":"https:\/\/radiostudiow.com.br\/site\/wp-json\/wp\/v2\/posts\/31388\/revisions"}],"predecessor-version":[{"id":31451,"href":"https:\/\/radiostudiow.com.br\/site\/wp-json\/wp\/v2\/posts\/31388\/revisions\/31451"}],"wp:featuredmedia":[{"embeddable":true,"href":"https:\/\/radiostudiow.com.br\/site\/wp-json\/wp\/v2\/media\/31413"}],"wp:attachment":[{"href":"https:\/\/radiostudiow.com.br\/site\/wp-json\/wp\/v2\/media?parent=31388"}],"wp:term":[{"taxonomy":"category","embeddable":true,"href":"https:\/\/radiostudiow.com.br\/site\/wp-json\/wp\/v2\/categories?post=31388"},{"taxonomy":"post_tag","embeddable":true,"href":"https:\/\/radiostudiow.com.br\/site\/wp-json\/wp\/v2\/tags?post=31388"}],"curies":[{"name":"wp","href":"https:\/\/api.w.org\/{rel}","templated":true}]}}