{"id":31401,"date":"2024-12-10T10:28:34","date_gmt":"2024-12-10T13:28:34","guid":{"rendered":"https:\/\/radiostudiow.com.br\/site\/?p=31401"},"modified":"2025-01-31T14:58:07","modified_gmt":"2025-01-31T17:58:07","slug":"motorista-e-detido-por-embriaguez-em-rio-azul","status":"publish","type":"post","link":"https:\/\/radiostudiow.com.br\/site\/2024\/12\/10\/motorista-e-detido-por-embriaguez-em-rio-azul\/","title":{"rendered":"Mais um motorista \u00e9 detido por embriaguez em Rio Azul"},"content":{"rendered":"\n<p>A equipe da Pol\u00edcia Milirar de Rio Azul flagrou uma situa\u00e7\u00e3o de embriaguez ao volante na madrugada desse domingo (08).<\/p>\n\n\n\n<figure class=\"wp-block-image size-full\"><img loading=\"lazy\" decoding=\"async\" width=\"900\" height=\"408\" src=\"https:\/\/radiostudiow.com.br\/site\/wp-content\/uploads\/2024\/09\/image-64-1.png\" alt=\"\" class=\"wp-image-28207\" srcset=\"https:\/\/radiostudiow.com.br\/site\/wp-content\/uploads\/2024\/09\/image-64-1.png 900w, https:\/\/radiostudiow.com.br\/site\/wp-content\/uploads\/2024\/09\/image-64-1-300x136.png 300w, https:\/\/radiostudiow.com.br\/site\/wp-content\/uploads\/2024\/09\/image-64-1-768x348.png 768w\" sizes=\"auto, (max-width: 900px) 100vw, 900px\" \/><\/figure>\n\n\n\n<p>O homem foi abordado, em consulta ao sistema, os policiais constataram que o ve\u00edculo estava com d\u00e9bitos na documenta\u00e7\u00e3o al\u00e9m do  motorista n\u00e3o ter Carteira Nacional de Habilita\u00e7\u00e3o (CNH).<\/p>\n\n\n\n<p>O condutor foi encaminhado para a Delegacia de Irati. J\u00e1 o carro foi recolhido ao p\u00e1tio do Destacamento da PM de Rio Azul.<\/p>\n","protected":false},"excerpt":{"rendered":"<p>A equipe da Pol\u00edcia Milirar de Rio Azul flagrou uma situa\u00e7\u00e3o de embriaguez ao volante na madrugada desse domingo (08). O homem foi abordado, em consulta ao sistema, os policiais constataram que o ve\u00edculo estava com d\u00e9bitos na documenta\u00e7\u00e3o al\u00e9m do motorista n\u00e3o ter Carteira Nacional de Habilita\u00e7\u00e3o (CNH). O condutor foi encaminhado para a [&hellip;]<\/p>\n","protected":false},"author":2,"featured_media":25552,"comment_status":"open","ping_status":"open","sticky":false,"template":"","format":"standard","meta":{"footnotes":""},"categories":[2],"tags":[172],"class_list":["post-31401","post","type-post","status-publish","format-standard","has-post-thumbnail","hentry","category-policial","tag-featured"],"amp_enabled":true,"_links":{"self":[{"href":"https:\/\/radiostudiow.com.br\/site\/wp-json\/wp\/v2\/posts\/31401","targetHints":{"allow":["GET"]}}],"collection":[{"href":"https:\/\/radiostudiow.com.br\/site\/wp-json\/wp\/v2\/posts"}],"about":[{"href":"https:\/\/radiostudiow.com.br\/site\/wp-json\/wp\/v2\/types\/post"}],"author":[{"embeddable":true,"href":"https:\/\/radiostudiow.com.br\/site\/wp-json\/wp\/v2\/users\/2"}],"replies":[{"embeddable":true,"href":"https:\/\/radiostudiow.com.br\/site\/wp-json\/wp\/v2\/comments?post=31401"}],"version-history":[{"count":2,"href":"https:\/\/radiostudiow.com.br\/site\/wp-json\/wp\/v2\/posts\/31401\/revisions"}],"predecessor-version":[{"id":31416,"href":"https:\/\/radiostudiow.com.br\/site\/wp-json\/wp\/v2\/posts\/31401\/revisions\/31416"}],"wp:featuredmedia":[{"embeddable":true,"href":"https:\/\/radiostudiow.com.br\/site\/wp-json\/wp\/v2\/media\/25552"}],"wp:attachment":[{"href":"https:\/\/radiostudiow.com.br\/site\/wp-json\/wp\/v2\/media?parent=31401"}],"wp:term":[{"taxonomy":"category","embeddable":true,"href":"https:\/\/radiostudiow.com.br\/site\/wp-json\/wp\/v2\/categories?post=31401"},{"taxonomy":"post_tag","embeddable":true,"href":"https:\/\/radiostudiow.com.br\/site\/wp-json\/wp\/v2\/tags?post=31401"}],"curies":[{"name":"wp","href":"https:\/\/api.w.org\/{rel}","templated":true}]}}