{"id":31408,"date":"2024-12-10T10:59:47","date_gmt":"2024-12-10T13:59:47","guid":{"rendered":"https:\/\/radiostudiow.com.br\/site\/?p=31408"},"modified":"2025-01-31T14:58:07","modified_gmt":"2025-01-31T17:58:07","slug":"motorista-fica-ferido-apos-caminhao-tombar-na-pr-364","status":"publish","type":"post","link":"https:\/\/radiostudiow.com.br\/site\/2024\/12\/10\/motorista-fica-ferido-apos-caminhao-tombar-na-pr-364\/","title":{"rendered":"Motorista fica ferido ap\u00f3s caminh\u00e3o tombar na PR-364 em In\u00e1cio Martins"},"content":{"rendered":"\n<p>Um tombamento de caminh\u00e3o foi registrado por volta de 21h30 desta segunda-feira (09), na PR-364, em In\u00e1cio Martins. O motorista de um caminh\u00e3o Scania\/R440 de placas BAP-3099, de Maring\u00e1 (PR), sofreu ferimentos leves ap\u00f3s o ve\u00edculo tombar.<\/p>\n\n\n\n<figure class=\"wp-block-image size-full\"><img loading=\"lazy\" decoding=\"async\" width=\"897\" height=\"204\" src=\"https:\/\/radiostudiow.com.br\/site\/wp-content\/uploads\/2024\/04\/image-50.png\" alt=\"\" class=\"wp-image-21368\" srcset=\"https:\/\/radiostudiow.com.br\/site\/wp-content\/uploads\/2024\/04\/image-50.png 897w, https:\/\/radiostudiow.com.br\/site\/wp-content\/uploads\/2024\/04\/image-50-300x68.png 300w, https:\/\/radiostudiow.com.br\/site\/wp-content\/uploads\/2024\/04\/image-50-768x175.png 768w\" sizes=\"auto, (max-width: 897px) 100vw, 897px\" \/><\/figure>\n\n\n\n<p>De acordo com informa\u00e7\u00f5es da pol\u00edcia, o condutor, um homem de 57 anos, trafegava no sentido In\u00e1cio Martins\/Irati quando sofreu o acidente. O motorista foi atendido no local pelo SAMU e encaminhado ao Pronto Atendimento Municipal de In\u00e1cio Martins com luxa\u00e7\u00e3o no bra\u00e7o esquerdo e escoria\u00e7\u00f5es.<\/p>\n\n\n\n<p>O caminh\u00e3o tombado n\u00e3o obstrui o tr\u00e1fego de ve\u00edculos, e o condutor foi orientado sobre os procedimentos para o destombamento e sinaliza\u00e7\u00e3o adequados.<\/p>\n\n\n\n<p>Segundo a pol\u00edcia, a documenta\u00e7\u00e3o do condutor estava regular, assim como as placas do ve\u00edculo.<\/p>\n\n\n\n<figure class=\"wp-block-image size-full\"><img loading=\"lazy\" decoding=\"async\" width=\"900\" height=\"408\" src=\"https:\/\/radiostudiow.com.br\/site\/wp-content\/uploads\/2024\/09\/image-64-1.png\" alt=\"\" class=\"wp-image-28207\" srcset=\"https:\/\/radiostudiow.com.br\/site\/wp-content\/uploads\/2024\/09\/image-64-1.png 900w, https:\/\/radiostudiow.com.br\/site\/wp-content\/uploads\/2024\/09\/image-64-1-300x136.png 300w, https:\/\/radiostudiow.com.br\/site\/wp-content\/uploads\/2024\/09\/image-64-1-768x348.png 768w\" sizes=\"auto, (max-width: 900px) 100vw, 900px\" \/><\/figure>\n\n\n\n<p><em>Informa\u00e7\u00f5es: BPRv<\/em><\/p>\n","protected":false},"excerpt":{"rendered":"<p>Um tombamento de caminh\u00e3o foi registrado por volta de 21h30 desta segunda-feira (09), na PR-364, em In\u00e1cio Martins. O motorista de um caminh\u00e3o Scania\/R440 de placas BAP-3099, de Maring\u00e1 (PR), sofreu ferimentos leves ap\u00f3s o ve\u00edculo tombar. De acordo com informa\u00e7\u00f5es da pol\u00edcia, o condutor, um homem de 57 anos, trafegava no sentido In\u00e1cio Martins\/Irati [&hellip;]<\/p>\n","protected":false},"author":2,"featured_media":31409,"comment_status":"open","ping_status":"open","sticky":false,"template":"","format":"standard","meta":{"footnotes":""},"categories":[185],"tags":[172],"class_list":["post-31408","post","type-post","status-publish","format-standard","has-post-thumbnail","hentry","category-regional","tag-featured"],"amp_enabled":true,"_links":{"self":[{"href":"https:\/\/radiostudiow.com.br\/site\/wp-json\/wp\/v2\/posts\/31408","targetHints":{"allow":["GET"]}}],"collection":[{"href":"https:\/\/radiostudiow.com.br\/site\/wp-json\/wp\/v2\/posts"}],"about":[{"href":"https:\/\/radiostudiow.com.br\/site\/wp-json\/wp\/v2\/types\/post"}],"author":[{"embeddable":true,"href":"https:\/\/radiostudiow.com.br\/site\/wp-json\/wp\/v2\/users\/2"}],"replies":[{"embeddable":true,"href":"https:\/\/radiostudiow.com.br\/site\/wp-json\/wp\/v2\/comments?post=31408"}],"version-history":[{"count":2,"href":"https:\/\/radiostudiow.com.br\/site\/wp-json\/wp\/v2\/posts\/31408\/revisions"}],"predecessor-version":[{"id":31411,"href":"https:\/\/radiostudiow.com.br\/site\/wp-json\/wp\/v2\/posts\/31408\/revisions\/31411"}],"wp:featuredmedia":[{"embeddable":true,"href":"https:\/\/radiostudiow.com.br\/site\/wp-json\/wp\/v2\/media\/31409"}],"wp:attachment":[{"href":"https:\/\/radiostudiow.com.br\/site\/wp-json\/wp\/v2\/media?parent=31408"}],"wp:term":[{"taxonomy":"category","embeddable":true,"href":"https:\/\/radiostudiow.com.br\/site\/wp-json\/wp\/v2\/categories?post=31408"},{"taxonomy":"post_tag","embeddable":true,"href":"https:\/\/radiostudiow.com.br\/site\/wp-json\/wp\/v2\/tags?post=31408"}],"curies":[{"name":"wp","href":"https:\/\/api.w.org\/{rel}","templated":true}]}}