{"id":31421,"date":"2024-12-11T10:44:31","date_gmt":"2024-12-11T13:44:31","guid":{"rendered":"https:\/\/radiostudiow.com.br\/site\/?p=31421"},"modified":"2025-01-31T14:58:07","modified_gmt":"2025-01-31T17:58:07","slug":"saude-confirma-462-novos-casos-de-dengue-no-parana","status":"publish","type":"post","link":"https:\/\/radiostudiow.com.br\/site\/2024\/12\/11\/saude-confirma-462-novos-casos-de-dengue-no-parana\/","title":{"rendered":"Sa\u00fade confirma 462 novos casos de dengue no Paran\u00e1"},"content":{"rendered":"\n<p>A Secretaria de Estado da Sa\u00fade (Sesa), por meio da Coordenadoria Estadual de Vigil\u00e2ncia Ambiental, publicou nesta ter\u00e7a-feira (10) o novo informe semanal da dengue. Foram registrados mais 462 casos.&nbsp;O atual per\u00edodo epidemiol\u00f3gico, iniciado em 28 de julho de 2024, soma 42.325 notifica\u00e7\u00f5es, 4.997 diagn\u00f3sticos confirmados e dois (2) \u00f3bitos em decorr\u00eancia da doen\u00e7a.<\/p>\n\n\n\n<p>No total, 375 munic\u00edpios j\u00e1 apresentaram notifica\u00e7\u00f5es de dengue, que \u00e9 transmitida pelo mosquito&nbsp;Aedes aegypti, e 263 possuem casos confirmados.<\/p>\n\n\n\n<figure class=\"wp-block-image size-full\"><img loading=\"lazy\" decoding=\"async\" width=\"598\" height=\"204\" src=\"https:\/\/radiostudiow.com.br\/site\/wp-content\/uploads\/2024\/10\/labirati.png\" alt=\"\" class=\"wp-image-28854\" srcset=\"https:\/\/radiostudiow.com.br\/site\/wp-content\/uploads\/2024\/10\/labirati.png 598w, https:\/\/radiostudiow.com.br\/site\/wp-content\/uploads\/2024\/10\/labirati-300x102.png 300w\" sizes=\"auto, (max-width: 598px) 100vw, 598px\" \/><\/figure>\n\n\n\n<p>As regionais com mais casos confirmados neste per\u00edodo epidemiol\u00f3gico s\u00e3o a 17\u00aa Regional de Sa\u00fade de Londrina (1.176); 15\u00aa RS de Maring\u00e1 (499); 1\u00aa RS Paranagu\u00e1&nbsp;(408); 2\u00aa RS Metropolitana (389); e 14\u00aa RS de Paranava\u00ed (375).<\/p>\n\n\n\n<p><strong>OUTRAS ARBOVIROSES&nbsp;\u2013<\/strong>&nbsp;Este informe traz ainda informa\u00e7\u00f5es sobre Chikungunya e Zika, doen\u00e7as tamb\u00e9m transmitidas pelo mosquito&nbsp;Aedes aegypti.&nbsp;Neste per\u00edodo foram confirmados 19 casos de Chikungunya, sendo registradas 274 notifica\u00e7\u00f5es da doen\u00e7a no Estado. Quanto \u00e0 Zika, at\u00e9 o momento ocorreram 22&nbsp;notifica\u00e7\u00f5es e nenhum caso confirmado.<\/p>\n\n\n\n<p>Confira o Informe Semanal completo&nbsp;&nbsp;<strong><a href=\"https:\/\/www.dengue.pr.gov.br\/Pagina\/Boletins-da-Dengue\" target=\"_blank\" rel=\"noreferrer noopener\">AQUI<\/a><\/strong>&nbsp;. Mais informa\u00e7\u00f5es sobre a dengue est\u00e3o&nbsp;neste<strong><a href=\"https:\/\/www.dengue.pr.gov.br\/\" target=\"_blank\" rel=\"noreferrer noopener\">&nbsp;LINK<\/a><\/strong>.<\/p>\n","protected":false},"excerpt":{"rendered":"<p>A Secretaria de Estado da Sa\u00fade (Sesa), por meio da Coordenadoria Estadual de Vigil\u00e2ncia Ambiental, publicou nesta ter\u00e7a-feira (10) o novo informe semanal da dengue. Foram registrados mais 462 casos.&nbsp;O atual per\u00edodo epidemiol\u00f3gico, iniciado em 28 de julho de 2024, soma 42.325 notifica\u00e7\u00f5es, 4.997 diagn\u00f3sticos confirmados e dois (2) \u00f3bitos em decorr\u00eancia da doen\u00e7a. No [&hellip;]<\/p>\n","protected":false},"author":2,"featured_media":31422,"comment_status":"open","ping_status":"open","sticky":false,"template":"","format":"standard","meta":{"footnotes":""},"categories":[182],"tags":[172],"class_list":["post-31421","post","type-post","status-publish","format-standard","has-post-thumbnail","hentry","category-saude","tag-featured"],"amp_enabled":true,"_links":{"self":[{"href":"https:\/\/radiostudiow.com.br\/site\/wp-json\/wp\/v2\/posts\/31421","targetHints":{"allow":["GET"]}}],"collection":[{"href":"https:\/\/radiostudiow.com.br\/site\/wp-json\/wp\/v2\/posts"}],"about":[{"href":"https:\/\/radiostudiow.com.br\/site\/wp-json\/wp\/v2\/types\/post"}],"author":[{"embeddable":true,"href":"https:\/\/radiostudiow.com.br\/site\/wp-json\/wp\/v2\/users\/2"}],"replies":[{"embeddable":true,"href":"https:\/\/radiostudiow.com.br\/site\/wp-json\/wp\/v2\/comments?post=31421"}],"version-history":[{"count":4,"href":"https:\/\/radiostudiow.com.br\/site\/wp-json\/wp\/v2\/posts\/31421\/revisions"}],"predecessor-version":[{"id":31456,"href":"https:\/\/radiostudiow.com.br\/site\/wp-json\/wp\/v2\/posts\/31421\/revisions\/31456"}],"wp:featuredmedia":[{"embeddable":true,"href":"https:\/\/radiostudiow.com.br\/site\/wp-json\/wp\/v2\/media\/31422"}],"wp:attachment":[{"href":"https:\/\/radiostudiow.com.br\/site\/wp-json\/wp\/v2\/media?parent=31421"}],"wp:term":[{"taxonomy":"category","embeddable":true,"href":"https:\/\/radiostudiow.com.br\/site\/wp-json\/wp\/v2\/categories?post=31421"},{"taxonomy":"post_tag","embeddable":true,"href":"https:\/\/radiostudiow.com.br\/site\/wp-json\/wp\/v2\/tags?post=31421"}],"curies":[{"name":"wp","href":"https:\/\/api.w.org\/{rel}","templated":true}]}}