{"id":31487,"date":"2024-12-11T17:58:55","date_gmt":"2024-12-11T20:58:55","guid":{"rendered":"https:\/\/radiostudiow.com.br\/site\/?p=31487"},"modified":"2025-01-31T14:58:06","modified_gmt":"2025-01-31T17:58:06","slug":"whatsapp-instagram-e-facebook-ficam-fora-do-ar-na-tarde-desta-quarta","status":"publish","type":"post","link":"https:\/\/radiostudiow.com.br\/site\/2024\/12\/11\/whatsapp-instagram-e-facebook-ficam-fora-do-ar-na-tarde-desta-quarta\/","title":{"rendered":"WhatsApp, Instagram e Facebook ficam fora do ar na tarde desta quarta-feira (11)"},"content":{"rendered":"\n<p>WhatsApp,\u00a0Instagram\u00a0e\u00a0Facebook\u00a0apresentam instabilidade e ficaram fora do ar no Brasil na tarde desta quarta-feira (11). Tamb\u00e9m h\u00e1 relatos de problemas no Messenger e no WhatsApp Business.<\/p>\n\n\n\n<p>A Meta, propriet\u00e1ria das tr\u00eas plataformas, informou estar ciente dos relatos de problemas no acesso ao WhatsApp. \u201cEstamos trabalhando ativamente em uma solu\u00e7\u00e3o e come\u00e7ando a ver um retorno \u00e0 normalidade para a maioria dos usu\u00e1rios. Esperamos que tudo esteja normalizado em breve\u201d, completou.<\/p>\n\n\n\n<figure class=\"wp-block-image size-full\"><img loading=\"lazy\" decoding=\"async\" width=\"900\" height=\"408\" src=\"https:\/\/radiostudiow.com.br\/site\/wp-content\/uploads\/2024\/09\/image-64-1.png\" alt=\"\" class=\"wp-image-28207\" srcset=\"https:\/\/radiostudiow.com.br\/site\/wp-content\/uploads\/2024\/09\/image-64-1.png 900w, https:\/\/radiostudiow.com.br\/site\/wp-content\/uploads\/2024\/09\/image-64-1-300x136.png 300w, https:\/\/radiostudiow.com.br\/site\/wp-content\/uploads\/2024\/09\/image-64-1-768x348.png 768w\" sizes=\"auto, (max-width: 900px) 100vw, 900px\" \/><\/figure>\n\n\n\n<p>A empresa ainda n\u00e3o se pronunciou sobre os problemas no Instagram e no Facebook. Os servi\u00e7os come\u00e7aram a ser restabelecidos por volta das 15h30.<\/p>\n\n\n\n<p>Os relatos de instabilidade no WhatsApp come\u00e7aram por volta das 14h30. O site Downdetector, que re\u00fane alertas de problemas em sites e plataformas,&nbsp;registrou mais&nbsp;<strong>68 mil&nbsp;<\/strong>reclama\u00e7\u00f5es de usu\u00e1rios no Brasil sobre dificuldades para enviar mensagens pelo aplicativo&nbsp;<em>(veja na imagem abaixo)<\/em>.<\/p>\n\n\n\n<p>\u00c0s 16h26, houve novo pico de reclama\u00e7\u00f5es \u2013 mais de&nbsp;<strong>19 mil,<\/strong>&nbsp;segundo o Downdetector.<\/p>\n\n\n\n<p>\u201cMeu WhatsApp n\u00e3o carrega \u00e1udio, n\u00e3o abre foto, s\u00f3 funciona no web\u201d, disse uma pessoa no X. \u201cWhatsApp parou pra mim aqui, n\u00e3o carrega nada\u201d, disse outra na rede social.<\/p>\n\n\n\n<p>Ainda de acordo com o Downdetector, a maioria das pessoas (69%) relatava dificuldades para enviar mensagens, al\u00e9m de problemas para fazer login no WhatsApp.<\/p>\n\n\n\n<figure class=\"wp-block-image\"><img decoding=\"async\" src=\"https:\/\/s2-g1.glbimg.com\/4Ko8dPt8zp_c0DMdE9loEWVP19U=\/0x0:772x335\/984x0\/smart\/filters:strip_icc()\/i.s3.glbimg.com\/v1\/AUTH_59edd422c0c84a879bd37670ae4f538a\/internal_photos\/bs\/2024\/m\/x\/LhqDwJQiygA6o3H2gw4Q\/whatsappdown.png\" alt=\"WhatsApp apresenta instabilidade nesta quarta-feira (11) \u2014 Foto: Reprodu\u00e7\u00e3o\/Downdetector\"\/><\/figure>\n\n\n\n<p>WhatsApp apresenta instabilidade nesta quarta-feira (11) \u2014 Foto: Reprodu\u00e7\u00e3o\/Downdetector<\/p>\n\n\n\n<p>O Downdetector ainda mostra que h\u00e1 intabilidade ocorrendo em outros pa\u00edses, como Argentina, Colombia, Canad\u00e1, M\u00e9xico, Estados Unidos e na \u00cdndia.<\/p>\n\n\n\n<p>No Instagram e no Facebook, as notifica\u00e7\u00f5es de problemas passaram de 11.700 e 5.300, respectivamente<em>&nbsp;(veja nas imagens abaixo)<\/em>.<\/p>\n\n\n\n<p>\u201cMeu Instagram n\u00e3o carregava a\u00ed quase comprei um pacote de internet adicional achando que tinha acabado\u201d, comentou uma pessoa na rede social X. \u201cMeu Facebook n\u00e3o t\u00e1 entrando\u201d, comentou outro usu\u00e1rio.<\/p>\n\n\n\n<p>A queda das tr\u00eas plataformas da Meta foi um dos assuntos mais comentados no X na tarde desta quarta-feira, com v\u00e1rias pessoas criando memes&nbsp;<a class=\"\" href=\"https:\/\/g1.globo.com\/tecnologia\/noticia\/2024\/12\/11\/whatsapp-apresenta-instabilidade-nesta-quarta.ghtml#memes\" target=\"_blank\" rel=\"noreferrer noopener\"><em>(veja alguns ao final da reportagem)<\/em><\/a>.<\/p>\n\n\n\n<figure class=\"wp-block-image\"><img decoding=\"async\" src=\"https:\/\/s2-g1.glbimg.com\/mU4RlttR3pnuz8iRSOh6jlV0nzs=\/0x0:770x333\/984x0\/smart\/filters:strip_icc()\/i.s3.glbimg.com\/v1\/AUTH_59edd422c0c84a879bd37670ae4f538a\/internal_photos\/bs\/2024\/b\/w\/XNKyrbRyqfLNvzvske2w\/instadown.png\" alt=\"Instagram registra instabilidade nesta quarta-feira (11) \u2014 Foto: Reprodu\u00e7\u00e3o\/Downdetector\"\/><\/figure>\n\n\n\n<p>Instagram registra instabilidade nesta quarta-feira (11) \u2014 Foto: Reprodu\u00e7\u00e3o\/Downdetector<\/p>\n\n\n\n<figure class=\"wp-block-image\"><img decoding=\"async\" src=\"https:\/\/s2-g1.glbimg.com\/_2DfGEeSda6bhxxmOJpWUjaT_NA=\/0x0:775x332\/984x0\/smart\/filters:strip_icc()\/i.s3.glbimg.com\/v1\/AUTH_59edd422c0c84a879bd37670ae4f538a\/internal_photos\/bs\/2024\/5\/H\/cSZ47BSgAEJbdZsiJdUg\/facebookdown.png\" alt=\"Facebook registra instabilidade nesta quarta-feira (11) \u2014 Foto: Reprodu\u00e7\u00e3o\/Downdetector\"\/><\/figure>\n\n\n\n<p>Facebook registra instabilidade nesta quarta-feira (11) \u2014 Foto: Reprodu\u00e7\u00e3o\/Downdetector<\/p>\n\n\n\n<p><em>G1 \u2013 Por\u00a0<a href=\"https:\/\/g1.globo.com\/autores\/redacao-g1\/\" target=\"_blank\" rel=\"noreferrer noopener\">Reda\u00e7\u00e3o g1<\/a><\/em><\/p>\n","protected":false},"excerpt":{"rendered":"<p>WhatsApp,\u00a0Instagram\u00a0e\u00a0Facebook\u00a0apresentam instabilidade e ficaram fora do ar no Brasil na tarde desta quarta-feira (11). Tamb\u00e9m h\u00e1 relatos de problemas no Messenger e no WhatsApp Business. A Meta, propriet\u00e1ria das tr\u00eas plataformas, informou estar ciente dos relatos de problemas no acesso ao WhatsApp. \u201cEstamos trabalhando ativamente em uma solu\u00e7\u00e3o e come\u00e7ando a ver um retorno \u00e0 [&hellip;]<\/p>\n","protected":false},"author":2,"featured_media":31488,"comment_status":"open","ping_status":"open","sticky":false,"template":"","format":"standard","meta":{"footnotes":""},"categories":[7],"tags":[172],"class_list":["post-31487","post","type-post","status-publish","format-standard","has-post-thumbnail","hentry","category-geral","tag-featured"],"amp_enabled":true,"_links":{"self":[{"href":"https:\/\/radiostudiow.com.br\/site\/wp-json\/wp\/v2\/posts\/31487","targetHints":{"allow":["GET"]}}],"collection":[{"href":"https:\/\/radiostudiow.com.br\/site\/wp-json\/wp\/v2\/posts"}],"about":[{"href":"https:\/\/radiostudiow.com.br\/site\/wp-json\/wp\/v2\/types\/post"}],"author":[{"embeddable":true,"href":"https:\/\/radiostudiow.com.br\/site\/wp-json\/wp\/v2\/users\/2"}],"replies":[{"embeddable":true,"href":"https:\/\/radiostudiow.com.br\/site\/wp-json\/wp\/v2\/comments?post=31487"}],"version-history":[{"count":2,"href":"https:\/\/radiostudiow.com.br\/site\/wp-json\/wp\/v2\/posts\/31487\/revisions"}],"predecessor-version":[{"id":31491,"href":"https:\/\/radiostudiow.com.br\/site\/wp-json\/wp\/v2\/posts\/31487\/revisions\/31491"}],"wp:featuredmedia":[{"embeddable":true,"href":"https:\/\/radiostudiow.com.br\/site\/wp-json\/wp\/v2\/media\/31488"}],"wp:attachment":[{"href":"https:\/\/radiostudiow.com.br\/site\/wp-json\/wp\/v2\/media?parent=31487"}],"wp:term":[{"taxonomy":"category","embeddable":true,"href":"https:\/\/radiostudiow.com.br\/site\/wp-json\/wp\/v2\/categories?post=31487"},{"taxonomy":"post_tag","embeddable":true,"href":"https:\/\/radiostudiow.com.br\/site\/wp-json\/wp\/v2\/tags?post=31487"}],"curies":[{"name":"wp","href":"https:\/\/api.w.org\/{rel}","templated":true}]}}