{"id":31563,"date":"2024-12-13T17:44:10","date_gmt":"2024-12-13T20:44:10","guid":{"rendered":"https:\/\/radiostudiow.com.br\/site\/?p=31563"},"modified":"2025-01-31T14:58:06","modified_gmt":"2025-01-31T17:58:06","slug":"vitima-de-feminicidio-em-sao-joao-do-triunfo-estava-se-arrumando-para-a-formatura-da-filha","status":"publish","type":"post","link":"https:\/\/radiostudiow.com.br\/site\/2024\/12\/13\/vitima-de-feminicidio-em-sao-joao-do-triunfo-estava-se-arrumando-para-a-formatura-da-filha\/","title":{"rendered":"V\u00edtima de feminic\u00eddio em S\u00e3o Jo\u00e3o do Triunfo estava se arrumando para a formatura da filha"},"content":{"rendered":"\n<p>Foi identificado como Cristiano Vieira, de 40 anos,&nbsp;o homem que matou a ex-mulher, identificada como Josiane de F\u00e1tima Martins, de 41 anos, na tarde desta quinta-feira, 12, em S\u00e3o Jo\u00e3o do Triunfo. Ap\u00f3s o crime, o envolvido cometeu suic\u00eddio.<\/p>\n\n\n\n<figure class=\"wp-block-image size-full\"><img loading=\"lazy\" decoding=\"async\" width=\"598\" height=\"204\" src=\"https:\/\/radiostudiow.com.br\/site\/wp-content\/uploads\/2024\/10\/labirati.png\" alt=\"\" class=\"wp-image-28854\" srcset=\"https:\/\/radiostudiow.com.br\/site\/wp-content\/uploads\/2024\/10\/labirati.png 598w, https:\/\/radiostudiow.com.br\/site\/wp-content\/uploads\/2024\/10\/labirati-300x102.png 300w\" sizes=\"auto, (max-width: 598px) 100vw, 598px\" \/><\/figure>\n\n\n\n<p>Conforme informa\u00e7\u00f5es divulgadas pelo delegado Mateus Santarelli, da Pol\u00edcia Civil,\u00a0a mulher estava no sal\u00e3o de beleza, quando por volta de 14h, o homem teria entrado no local e a agredido com diversos golpes de faca. Em seguida, o Servi\u00e7o de Atendimento M\u00f3vel com Urg\u00eancia (SAMU) foi acionado e socorreu a mulher ainda com vida at\u00e9 o hospital do munic\u00edpio, por\u00e9m acabou entrando em \u00f3bito.<\/p>\n\n\n\n<p>Assim que a Pol\u00edcia Civil recebeu informa\u00e7\u00f5es de onde o acusado poderia estar, foi constatado que o mesmo havia se suicidado, se jogando em frente a uma carreta que transitava pela PR-151, na subida da localidade de Vitorin\u00f3polis.<\/p>\n\n\n\n<figure class=\"wp-block-image size-full\"><img loading=\"lazy\" decoding=\"async\" width=\"900\" height=\"408\" src=\"https:\/\/radiostudiow.com.br\/site\/wp-content\/uploads\/2024\/09\/image-64-1.png\" alt=\"\" class=\"wp-image-28207\" srcset=\"https:\/\/radiostudiow.com.br\/site\/wp-content\/uploads\/2024\/09\/image-64-1.png 900w, https:\/\/radiostudiow.com.br\/site\/wp-content\/uploads\/2024\/09\/image-64-1-300x136.png 300w, https:\/\/radiostudiow.com.br\/site\/wp-content\/uploads\/2024\/09\/image-64-1-768x348.png 768w\" sizes=\"auto, (max-width: 900px) 100vw, 900px\" \/><\/figure>\n\n\n\n<p>De acordo com a PC, o motorista fez o teste do baf\u00f4metro, o que acusou negativo para a ingest\u00e3o de \u00e1lcool. Ainda segundo o delegado Santarelli,\u00a0o casal tinha um relacionamento conturbado. Recentemente, ela havia registrado um boletim de ocorr\u00eancia onde relatava os crimes de amea\u00e7a, les\u00e3o corporal e dano, todos por viol\u00eancia dom\u00e9stica. Ela ainda possu\u00eda em desfavor do ex-marido, uma medida protetiva.<\/p>\n\n\n\n<p>A reportagem do\u00a0Portal RDX\u00a0apurou, ainda,\u00a0que Josiane estava no sal\u00e3o de beleza na tarde desta quinta-feira, 12 dezembro, se arrumando para participar da formatura da filha. Ela tamb\u00e9m era propriet\u00e1ria do Supermercado Goll de S\u00e3o Jo\u00e3o do Triunfo.<\/p>\n\n\n\n<p><em>A trag\u00e9dia abalou a comunidade triunfense, que est\u00e1 em choque com o ocorrido.<\/em><\/p>\n\n\n\n<figure class=\"wp-block-image size-full\"><img loading=\"lazy\" decoding=\"async\" width=\"691\" height=\"600\" src=\"https:\/\/radiostudiow.com.br\/site\/wp-content\/uploads\/2024\/12\/image-51.png\" alt=\"\" class=\"wp-image-31564\" srcset=\"https:\/\/radiostudiow.com.br\/site\/wp-content\/uploads\/2024\/12\/image-51.png 691w, https:\/\/radiostudiow.com.br\/site\/wp-content\/uploads\/2024\/12\/image-51-300x260.png 300w\" sizes=\"auto, (max-width: 691px) 100vw, 691px\" \/><\/figure>\n\n\n\n<figure class=\"wp-block-image size-full\"><img loading=\"lazy\" decoding=\"async\" width=\"581\" height=\"600\" src=\"https:\/\/radiostudiow.com.br\/site\/wp-content\/uploads\/2024\/12\/image-52.png\" alt=\"\" class=\"wp-image-31565\" srcset=\"https:\/\/radiostudiow.com.br\/site\/wp-content\/uploads\/2024\/12\/image-52.png 581w, https:\/\/radiostudiow.com.br\/site\/wp-content\/uploads\/2024\/12\/image-52-291x300.png 291w\" sizes=\"auto, (max-width: 581px) 100vw, 581px\" \/><figcaption class=\"wp-element-caption\">Casal n\u00e3o estava mais junto<\/figcaption><\/figure>\n","protected":false},"excerpt":{"rendered":"<p>Foi identificado como Cristiano Vieira, de 40 anos,&nbsp;o homem que matou a ex-mulher, identificada como Josiane de F\u00e1tima Martins, de 41 anos, na tarde desta quinta-feira, 12, em S\u00e3o Jo\u00e3o do Triunfo. Ap\u00f3s o crime, o envolvido cometeu suic\u00eddio. Conforme informa\u00e7\u00f5es divulgadas pelo delegado Mateus Santarelli, da Pol\u00edcia Civil,\u00a0a mulher estava no sal\u00e3o de beleza, [&hellip;]<\/p>\n","protected":false},"author":2,"featured_media":31566,"comment_status":"open","ping_status":"open","sticky":false,"template":"","format":"standard","meta":{"footnotes":""},"categories":[185],"tags":[172],"class_list":["post-31563","post","type-post","status-publish","format-standard","has-post-thumbnail","hentry","category-regional","tag-featured"],"amp_enabled":true,"_links":{"self":[{"href":"https:\/\/radiostudiow.com.br\/site\/wp-json\/wp\/v2\/posts\/31563","targetHints":{"allow":["GET"]}}],"collection":[{"href":"https:\/\/radiostudiow.com.br\/site\/wp-json\/wp\/v2\/posts"}],"about":[{"href":"https:\/\/radiostudiow.com.br\/site\/wp-json\/wp\/v2\/types\/post"}],"author":[{"embeddable":true,"href":"https:\/\/radiostudiow.com.br\/site\/wp-json\/wp\/v2\/users\/2"}],"replies":[{"embeddable":true,"href":"https:\/\/radiostudiow.com.br\/site\/wp-json\/wp\/v2\/comments?post=31563"}],"version-history":[{"count":1,"href":"https:\/\/radiostudiow.com.br\/site\/wp-json\/wp\/v2\/posts\/31563\/revisions"}],"predecessor-version":[{"id":31567,"href":"https:\/\/radiostudiow.com.br\/site\/wp-json\/wp\/v2\/posts\/31563\/revisions\/31567"}],"wp:featuredmedia":[{"embeddable":true,"href":"https:\/\/radiostudiow.com.br\/site\/wp-json\/wp\/v2\/media\/31566"}],"wp:attachment":[{"href":"https:\/\/radiostudiow.com.br\/site\/wp-json\/wp\/v2\/media?parent=31563"}],"wp:term":[{"taxonomy":"category","embeddable":true,"href":"https:\/\/radiostudiow.com.br\/site\/wp-json\/wp\/v2\/categories?post=31563"},{"taxonomy":"post_tag","embeddable":true,"href":"https:\/\/radiostudiow.com.br\/site\/wp-json\/wp\/v2\/tags?post=31563"}],"curies":[{"name":"wp","href":"https:\/\/api.w.org\/{rel}","templated":true}]}}