{"id":31568,"date":"2024-12-14T08:49:22","date_gmt":"2024-12-14T11:49:22","guid":{"rendered":"https:\/\/radiostudiow.com.br\/site\/?p=31568"},"modified":"2025-01-31T14:58:06","modified_gmt":"2025-01-31T17:58:06","slug":"motorista-fica-gravimente-ferido-e-preso-as-ferragens-em-acidente-entre-carretas-na-br-476","status":"publish","type":"post","link":"https:\/\/radiostudiow.com.br\/site\/2024\/12\/14\/motorista-fica-gravimente-ferido-e-preso-as-ferragens-em-acidente-entre-carretas-na-br-476\/","title":{"rendered":"Motorista fica gravimente ferido e preso \u00e0s ferragens em acidente entre carretas na BR-476"},"content":{"rendered":"\n<p>Um grave acidente envolvendo duas carretas mobilizou equipes de resgate na tarde desta sexta-feira (13), por volta das 16h, na Rodovia do Xisto, em S\u00e3o Mateus do Sul, pr\u00f3ximo \u00e0 localidade de Baldo.<\/p>\n\n\n\n<p>O incidente envolveu uma carreta Iveco Sider, que seguia sentido Uni\u00e3o da Vit\u00f3ria, e uma carreta carregada com toras de madeira, que trafegava na dire\u00e7\u00e3o oposta.<\/p>\n\n\n\n<figure class=\"wp-block-image size-full\"><img loading=\"lazy\" decoding=\"async\" width=\"897\" height=\"204\" src=\"https:\/\/radiostudiow.com.br\/site\/wp-content\/uploads\/2024\/11\/image-49.png\" alt=\"\" class=\"wp-image-30017\" srcset=\"https:\/\/radiostudiow.com.br\/site\/wp-content\/uploads\/2024\/11\/image-49.png 897w, https:\/\/radiostudiow.com.br\/site\/wp-content\/uploads\/2024\/11\/image-49-300x68.png 300w, https:\/\/radiostudiow.com.br\/site\/wp-content\/uploads\/2024\/11\/image-49-768x175.png 768w\" sizes=\"auto, (max-width: 897px) 100vw, 897px\" \/><\/figure>\n\n\n\n<p>O motorista do ve\u00edculo Iveco sofreu apenas ferimentos leves e foi rapidamente encaminhado ao Pronto Atendimento Municipal pelo SAMU. J\u00e1 o condutor da carreta carregada com toras teve um destino mais cr\u00edtico: ele ficou preso \u00e0s ferragens, exigindo um resgate complexo que mobilizou o Corpo de Bombeiros e o SAMU por mais de tr\u00eas horas. Ap\u00f3s ser retirado, foi encaminhado ao Pronto Atendimento Municipal para cuidados m\u00e9dicos.<\/p>\n\n\n\n<p>Segundo relatos de populares, o acidente pode ter sido provocado pelo tombamento da carreta de toras. Acredita-se que a parte traseira do ve\u00edculo teria balan\u00e7ado excessivamente ao passar por um desn\u00edvel na pista, provocando a colis\u00e3o frontal com a outra carreta.<\/p>\n\n\n\n<figure class=\"wp-block-image size-full\"><img loading=\"lazy\" decoding=\"async\" width=\"900\" height=\"408\" src=\"https:\/\/radiostudiow.com.br\/site\/wp-content\/uploads\/2024\/09\/image-64-1.png\" alt=\"\" class=\"wp-image-28207\" srcset=\"https:\/\/radiostudiow.com.br\/site\/wp-content\/uploads\/2024\/09\/image-64-1.png 900w, https:\/\/radiostudiow.com.br\/site\/wp-content\/uploads\/2024\/09\/image-64-1-300x136.png 300w, https:\/\/radiostudiow.com.br\/site\/wp-content\/uploads\/2024\/09\/image-64-1-768x348.png 768w\" sizes=\"auto, (max-width: 900px) 100vw, 900px\" \/><\/figure>\n\n\n\n<p>A Pol\u00edcia Rodovi\u00e1ria Federal esteve no local para orientar o tr\u00e2nsito e dar in\u00edcio \u00e0 apura\u00e7\u00e3o das causas do acidente. A rodovia ficou parcialmente interditada durante o atendimento \u00e0s v\u00edtimas e a remo\u00e7\u00e3o dos ve\u00edculos.<\/p>\n\n\n\n<p>Por volta de 20h30, o tr\u00e2nsito ainda estava bloqueado, tanto para quem vinha de Curitiba pela BR-476, como tamb\u00e9m, para quem vinha de S\u00e3o Jo\u00e3o do Triunfo pela PR-151.<\/p>\n\n\n\n<figure class=\"wp-block-video\"><video controls src=\"https:\/\/radiostudiow.com.br\/site\/wp-content\/uploads\/2024\/12\/FDownloader.Net_AQNCyTL-DknN_J8cag1VyB09rijeYhP3JAy8JM3n_wmRSerQHzf3f7Ncb56qTBDUgFXLpj7ycA3KfI17tgFZ-iTz_720p_HD.mp4\"><\/video><\/figure>\n\n\n\n<figure class=\"wp-block-image size-full\"><img loading=\"lazy\" decoding=\"async\" width=\"1024\" height=\"538\" src=\"https:\/\/radiostudiow.com.br\/site\/wp-content\/uploads\/2024\/12\/image-54.png\" alt=\"\" class=\"wp-image-31607\" srcset=\"https:\/\/radiostudiow.com.br\/site\/wp-content\/uploads\/2024\/12\/image-54.png 1024w, https:\/\/radiostudiow.com.br\/site\/wp-content\/uploads\/2024\/12\/image-54-300x158.png 300w, https:\/\/radiostudiow.com.br\/site\/wp-content\/uploads\/2024\/12\/image-54-768x404.png 768w\" sizes=\"auto, (max-width: 1024px) 100vw, 1024px\" \/><figcaption class=\"wp-element-caption\"><em>Foto: Llillian Murawski\/PORTAL RDX.<\/em><\/figcaption><\/figure>\n\n\n\n<figure class=\"wp-block-image size-full\"><img loading=\"lazy\" decoding=\"async\" width=\"768\" height=\"1024\" src=\"https:\/\/radiostudiow.com.br\/site\/wp-content\/uploads\/2024\/12\/image-56.png\" alt=\"\" class=\"wp-image-31609\" srcset=\"https:\/\/radiostudiow.com.br\/site\/wp-content\/uploads\/2024\/12\/image-56.png 768w, https:\/\/radiostudiow.com.br\/site\/wp-content\/uploads\/2024\/12\/image-56-225x300.png 225w\" sizes=\"auto, (max-width: 768px) 100vw, 768px\" \/><figcaption class=\"wp-element-caption\"><em>Foto: Llillian Murawski\/PORTAL RDX.<\/em><\/figcaption><\/figure>\n\n\n\n<figure class=\"wp-block-image size-full\"><img loading=\"lazy\" decoding=\"async\" width=\"768\" height=\"1024\" src=\"https:\/\/radiostudiow.com.br\/site\/wp-content\/uploads\/2024\/12\/image-57.png\" alt=\"\" class=\"wp-image-31610\" srcset=\"https:\/\/radiostudiow.com.br\/site\/wp-content\/uploads\/2024\/12\/image-57.png 768w, https:\/\/radiostudiow.com.br\/site\/wp-content\/uploads\/2024\/12\/image-57-225x300.png 225w\" sizes=\"auto, (max-width: 768px) 100vw, 768px\" \/><figcaption class=\"wp-element-caption\"><em>Foto: Llillian Murawski\/PORTAL RDX.<\/em><\/figcaption><\/figure>\n\n\n\n<figure class=\"wp-block-image size-full\"><img loading=\"lazy\" decoding=\"async\" width=\"768\" height=\"1024\" src=\"https:\/\/radiostudiow.com.br\/site\/wp-content\/uploads\/2024\/12\/image-58.png\" alt=\"\" class=\"wp-image-31611\" srcset=\"https:\/\/radiostudiow.com.br\/site\/wp-content\/uploads\/2024\/12\/image-58.png 768w, https:\/\/radiostudiow.com.br\/site\/wp-content\/uploads\/2024\/12\/image-58-225x300.png 225w\" sizes=\"auto, (max-width: 768px) 100vw, 768px\" \/><figcaption class=\"wp-element-caption\"><em>Foto: Llillian Murawski\/PORTAL RDX.<\/em><\/figcaption><\/figure>\n\n\n\n<figure class=\"wp-block-image size-full\"><img loading=\"lazy\" decoding=\"async\" width=\"768\" height=\"1024\" src=\"https:\/\/radiostudiow.com.br\/site\/wp-content\/uploads\/2024\/12\/image-59.png\" alt=\"\" class=\"wp-image-31612\" srcset=\"https:\/\/radiostudiow.com.br\/site\/wp-content\/uploads\/2024\/12\/image-59.png 768w, https:\/\/radiostudiow.com.br\/site\/wp-content\/uploads\/2024\/12\/image-59-225x300.png 225w\" sizes=\"auto, (max-width: 768px) 100vw, 768px\" \/><figcaption class=\"wp-element-caption\"><em>Foto: Llillian Murawski\/PORTAL RDX.<\/em><\/figcaption><\/figure>\n","protected":false},"excerpt":{"rendered":"<p>Um grave acidente envolvendo duas carretas mobilizou equipes de resgate na tarde desta sexta-feira (13), por volta das 16h, na Rodovia do Xisto, em S\u00e3o Mateus do Sul, pr\u00f3ximo \u00e0 localidade de Baldo. O incidente envolveu uma carreta Iveco Sider, que seguia sentido Uni\u00e3o da Vit\u00f3ria, e uma carreta carregada com toras de madeira, que [&hellip;]<\/p>\n","protected":false},"author":2,"featured_media":31608,"comment_status":"open","ping_status":"open","sticky":false,"template":"","format":"standard","meta":{"footnotes":""},"categories":[185],"tags":[172],"class_list":["post-31568","post","type-post","status-publish","format-standard","has-post-thumbnail","hentry","category-regional","tag-featured"],"amp_enabled":true,"_links":{"self":[{"href":"https:\/\/radiostudiow.com.br\/site\/wp-json\/wp\/v2\/posts\/31568","targetHints":{"allow":["GET"]}}],"collection":[{"href":"https:\/\/radiostudiow.com.br\/site\/wp-json\/wp\/v2\/posts"}],"about":[{"href":"https:\/\/radiostudiow.com.br\/site\/wp-json\/wp\/v2\/types\/post"}],"author":[{"embeddable":true,"href":"https:\/\/radiostudiow.com.br\/site\/wp-json\/wp\/v2\/users\/2"}],"replies":[{"embeddable":true,"href":"https:\/\/radiostudiow.com.br\/site\/wp-json\/wp\/v2\/comments?post=31568"}],"version-history":[{"count":4,"href":"https:\/\/radiostudiow.com.br\/site\/wp-json\/wp\/v2\/posts\/31568\/revisions"}],"predecessor-version":[{"id":31615,"href":"https:\/\/radiostudiow.com.br\/site\/wp-json\/wp\/v2\/posts\/31568\/revisions\/31615"}],"wp:featuredmedia":[{"embeddable":true,"href":"https:\/\/radiostudiow.com.br\/site\/wp-json\/wp\/v2\/media\/31608"}],"wp:attachment":[{"href":"https:\/\/radiostudiow.com.br\/site\/wp-json\/wp\/v2\/media?parent=31568"}],"wp:term":[{"taxonomy":"category","embeddable":true,"href":"https:\/\/radiostudiow.com.br\/site\/wp-json\/wp\/v2\/categories?post=31568"},{"taxonomy":"post_tag","embeddable":true,"href":"https:\/\/radiostudiow.com.br\/site\/wp-json\/wp\/v2\/tags?post=31568"}],"curies":[{"name":"wp","href":"https:\/\/api.w.org\/{rel}","templated":true}]}}