{"id":31570,"date":"2024-12-14T08:56:11","date_gmt":"2024-12-14T11:56:11","guid":{"rendered":"https:\/\/radiostudiow.com.br\/site\/?p=31570"},"modified":"2025-01-31T14:58:06","modified_gmt":"2025-01-31T17:58:06","slug":"veiculo-despenca-de-barranco-proximo-a-entrada-de-porto-vitoria","status":"publish","type":"post","link":"https:\/\/radiostudiow.com.br\/site\/2024\/12\/14\/veiculo-despenca-de-barranco-proximo-a-entrada-de-porto-vitoria\/","title":{"rendered":"Ve\u00edculo despenca de barranco pr\u00f3ximo \u00e0 entrada de Porto Vit\u00f3ria"},"content":{"rendered":"\n<p>Um acidente chamou a aten\u00e7\u00e3o pr\u00f3ximo \u00e0 entrada de Porto Vit\u00f3ria na tarde desta sexta-feira (13). Uma foto tirada no local mostra a altura significativa de onde o ve\u00edculo caiu, impressionando moradores e curiosos que passaram pela regi\u00e3o.<\/p>\n\n\n\n<figure class=\"wp-block-image size-full\"><img loading=\"lazy\" decoding=\"async\" width=\"598\" height=\"204\" src=\"https:\/\/radiostudiow.com.br\/site\/wp-content\/uploads\/2024\/04\/image-23.png\" alt=\"\" class=\"wp-image-21221\" srcset=\"https:\/\/radiostudiow.com.br\/site\/wp-content\/uploads\/2024\/04\/image-23.png 598w, https:\/\/radiostudiow.com.br\/site\/wp-content\/uploads\/2024\/04\/image-23-300x102.png 300w\" sizes=\"auto, (max-width: 598px) 100vw, 598px\" \/><\/figure>\n\n\n\n<p>O condutor de um ve\u00edculo VW\/Gol, com placas da cidade, perdeu o controle em uma curva e despencou de um barranco o carro acabou tombando ao chegar na PR-446, quase em frente \u00e0 cachoeira local.<\/p>\n\n\n\n<p>O motorista ficou ferido no acidente, mas at\u00e9 o momento n\u00e3o h\u00e1 informa\u00e7\u00f5es sobre a gravidade das les\u00f5es. Equipes da Pol\u00edcia Militar est\u00e3o no local atendendo \u00e0 ocorr\u00eancia e realizando os procedimentos necess\u00e1rios.<\/p>\n\n\n\n<p>Mais detalhes devem ser divulgados conforme o desenrolar das investiga\u00e7\u00f5es.<\/p>\n\n\n\n<figure class=\"wp-block-image size-full\"><img loading=\"lazy\" decoding=\"async\" width=\"497\" height=\"600\" src=\"https:\/\/radiostudiow.com.br\/site\/wp-content\/uploads\/2024\/12\/03-5.jpeg\" alt=\"\" class=\"wp-image-31617\" srcset=\"https:\/\/radiostudiow.com.br\/site\/wp-content\/uploads\/2024\/12\/03-5.jpeg 497w, https:\/\/radiostudiow.com.br\/site\/wp-content\/uploads\/2024\/12\/03-5-249x300.jpeg 249w, https:\/\/radiostudiow.com.br\/site\/wp-content\/uploads\/2024\/12\/03-5-150x180.jpeg 150w\" sizes=\"auto, (max-width: 497px) 100vw, 497px\" \/><\/figure>\n","protected":false},"excerpt":{"rendered":"<p>Um acidente chamou a aten\u00e7\u00e3o pr\u00f3ximo \u00e0 entrada de Porto Vit\u00f3ria na tarde desta sexta-feira (13). Uma foto tirada no local mostra a altura significativa de onde o ve\u00edculo caiu, impressionando moradores e curiosos que passaram pela regi\u00e3o. O condutor de um ve\u00edculo VW\/Gol, com placas da cidade, perdeu o controle em uma curva e [&hellip;]<\/p>\n","protected":false},"author":2,"featured_media":31616,"comment_status":"open","ping_status":"open","sticky":false,"template":"","format":"standard","meta":{"footnotes":""},"categories":[185],"tags":[172],"class_list":["post-31570","post","type-post","status-publish","format-standard","has-post-thumbnail","hentry","category-regional","tag-featured"],"amp_enabled":true,"_links":{"self":[{"href":"https:\/\/radiostudiow.com.br\/site\/wp-json\/wp\/v2\/posts\/31570","targetHints":{"allow":["GET"]}}],"collection":[{"href":"https:\/\/radiostudiow.com.br\/site\/wp-json\/wp\/v2\/posts"}],"about":[{"href":"https:\/\/radiostudiow.com.br\/site\/wp-json\/wp\/v2\/types\/post"}],"author":[{"embeddable":true,"href":"https:\/\/radiostudiow.com.br\/site\/wp-json\/wp\/v2\/users\/2"}],"replies":[{"embeddable":true,"href":"https:\/\/radiostudiow.com.br\/site\/wp-json\/wp\/v2\/comments?post=31570"}],"version-history":[{"count":3,"href":"https:\/\/radiostudiow.com.br\/site\/wp-json\/wp\/v2\/posts\/31570\/revisions"}],"predecessor-version":[{"id":31618,"href":"https:\/\/radiostudiow.com.br\/site\/wp-json\/wp\/v2\/posts\/31570\/revisions\/31618"}],"wp:featuredmedia":[{"embeddable":true,"href":"https:\/\/radiostudiow.com.br\/site\/wp-json\/wp\/v2\/media\/31616"}],"wp:attachment":[{"href":"https:\/\/radiostudiow.com.br\/site\/wp-json\/wp\/v2\/media?parent=31570"}],"wp:term":[{"taxonomy":"category","embeddable":true,"href":"https:\/\/radiostudiow.com.br\/site\/wp-json\/wp\/v2\/categories?post=31570"},{"taxonomy":"post_tag","embeddable":true,"href":"https:\/\/radiostudiow.com.br\/site\/wp-json\/wp\/v2\/tags?post=31570"}],"curies":[{"name":"wp","href":"https:\/\/api.w.org\/{rel}","templated":true}]}}