{"id":31572,"date":"2024-12-14T08:57:19","date_gmt":"2024-12-14T11:57:19","guid":{"rendered":"https:\/\/radiostudiow.com.br\/site\/?p=31572"},"modified":"2025-01-31T14:58:06","modified_gmt":"2025-01-31T17:58:06","slug":"jovem-natural-de-general-carneiro-esta-desaparecido-em-uniao-da-vitoria","status":"publish","type":"post","link":"https:\/\/radiostudiow.com.br\/site\/2024\/12\/14\/jovem-natural-de-general-carneiro-esta-desaparecido-em-uniao-da-vitoria\/","title":{"rendered":"Jovem natural de General Carneiro est\u00e1 desaparecido em Uni\u00e3o da Vit\u00f3ria"},"content":{"rendered":"\n<p>Um jovem identificado como&nbsp;F\u00e1bio Henrique de Almeida,&nbsp;de 23 anos, natural de General Carneiro e que atualmente reside no bairro Limeira, em Uni\u00e3o da Vit\u00f3ria est\u00e1 desaparecido desde o final de semana.<\/p>\n\n\n\n<figure class=\"wp-block-image size-full\"><img decoding=\"async\" src=\"https:\/\/radiostudiow.com.br\/site\/wp-content\/uploads\/2024\/12\/BISTRO.png\" alt=\"\" class=\"wp-image-31336\"\/><\/figure>\n\n\n\n<p>A fam\u00edlia est\u00e1 a sua procura e qualquer informa\u00e7\u00e3o que possa contribuir na sua localiza\u00e7\u00e3o \u00e9 de extrema import\u00e2ncia e deve ser repassado imediatamente para as autoridades,&nbsp;uma vez que existe a suspeita de que ele possa ser o homem visto no rio Igua\u00e7u no \u00faltimo s\u00e1bado (07).<\/p>\n\n\n\n<p>No s\u00e1bado, um homem foi visto entrando no rio Igua\u00e7u e n\u00e3o foi visto saindo. O caso vem mobilizando equipes que est\u00e3o realizando buscas em toda extens\u00e3o do rio. Na tarde desta quinta-feira, 12 de dezembro, o Corpo de Bombeiros de Uni\u00e3o da Vit\u00f3ria estava em Porto Vit\u00f3ria fazendo buscas no Rio Igua\u00e7u.<\/p>\n\n\n\n<figure class=\"wp-block-image size-full\"><img loading=\"lazy\" decoding=\"async\" width=\"720\" height=\"540\" src=\"https:\/\/radiostudiow.com.br\/site\/wp-content\/uploads\/2024\/12\/01-4.jpg\" alt=\"\" class=\"wp-image-31620\" srcset=\"https:\/\/radiostudiow.com.br\/site\/wp-content\/uploads\/2024\/12\/01-4.jpg 720w, https:\/\/radiostudiow.com.br\/site\/wp-content\/uploads\/2024\/12\/01-4-300x225.jpg 300w\" sizes=\"auto, (max-width: 720px) 100vw, 720px\" \/><\/figure>\n","protected":false},"excerpt":{"rendered":"<p>Um jovem identificado como&nbsp;F\u00e1bio Henrique de Almeida,&nbsp;de 23 anos, natural de General Carneiro e que atualmente reside no bairro Limeira, em Uni\u00e3o da Vit\u00f3ria est\u00e1 desaparecido desde o final de semana. A fam\u00edlia est\u00e1 a sua procura e qualquer informa\u00e7\u00e3o que possa contribuir na sua localiza\u00e7\u00e3o \u00e9 de extrema import\u00e2ncia e deve ser repassado imediatamente [&hellip;]<\/p>\n","protected":false},"author":2,"featured_media":31619,"comment_status":"open","ping_status":"open","sticky":false,"template":"","format":"standard","meta":{"footnotes":""},"categories":[185],"tags":[172],"class_list":["post-31572","post","type-post","status-publish","format-standard","has-post-thumbnail","hentry","category-regional","tag-featured"],"amp_enabled":true,"_links":{"self":[{"href":"https:\/\/radiostudiow.com.br\/site\/wp-json\/wp\/v2\/posts\/31572","targetHints":{"allow":["GET"]}}],"collection":[{"href":"https:\/\/radiostudiow.com.br\/site\/wp-json\/wp\/v2\/posts"}],"about":[{"href":"https:\/\/radiostudiow.com.br\/site\/wp-json\/wp\/v2\/types\/post"}],"author":[{"embeddable":true,"href":"https:\/\/radiostudiow.com.br\/site\/wp-json\/wp\/v2\/users\/2"}],"replies":[{"embeddable":true,"href":"https:\/\/radiostudiow.com.br\/site\/wp-json\/wp\/v2\/comments?post=31572"}],"version-history":[{"count":3,"href":"https:\/\/radiostudiow.com.br\/site\/wp-json\/wp\/v2\/posts\/31572\/revisions"}],"predecessor-version":[{"id":31621,"href":"https:\/\/radiostudiow.com.br\/site\/wp-json\/wp\/v2\/posts\/31572\/revisions\/31621"}],"wp:featuredmedia":[{"embeddable":true,"href":"https:\/\/radiostudiow.com.br\/site\/wp-json\/wp\/v2\/media\/31619"}],"wp:attachment":[{"href":"https:\/\/radiostudiow.com.br\/site\/wp-json\/wp\/v2\/media?parent=31572"}],"wp:term":[{"taxonomy":"category","embeddable":true,"href":"https:\/\/radiostudiow.com.br\/site\/wp-json\/wp\/v2\/categories?post=31572"},{"taxonomy":"post_tag","embeddable":true,"href":"https:\/\/radiostudiow.com.br\/site\/wp-json\/wp\/v2\/tags?post=31572"}],"curies":[{"name":"wp","href":"https:\/\/api.w.org\/{rel}","templated":true}]}}