{"id":31574,"date":"2024-12-14T09:01:03","date_gmt":"2024-12-14T12:01:03","guid":{"rendered":"https:\/\/radiostudiow.com.br\/site\/?p=31574"},"modified":"2025-01-31T14:58:06","modified_gmt":"2025-01-31T17:58:06","slug":"motorista-e-feito-refem-e-deixado-em-area-deserta-durante-roubo-na-br-476","status":"publish","type":"post","link":"https:\/\/radiostudiow.com.br\/site\/2024\/12\/14\/motorista-e-feito-refem-e-deixado-em-area-deserta-durante-roubo-na-br-476\/","title":{"rendered":"Caminhoneiro \u00e9 feito ref\u00e9m e deixado em \u00e1rea deserta durante roubo na BR-476"},"content":{"rendered":"\n<p>Um homem compareceu \u00e0 3\u00aa Companhia de Pol\u00edcia em S\u00e3o Mateus do Sul, relatando ter sido v\u00edtima de um roubo na BR-476 por volta das 14:23 horas desta quinta-feira (12).<\/p>\n\n\n\n<p>Segundo o relato, ele estava transitando no sentido S\u00e3o Mateus quando um ve\u00edculo realizou uma ultrapassagem e freou bruscamente, for\u00e7ando o motorista a parar o caminh\u00e3o.<\/p>\n\n\n\n<figure class=\"wp-block-image size-full\"><img loading=\"lazy\" decoding=\"async\" width=\"598\" height=\"204\" src=\"https:\/\/radiostudiow.com.br\/site\/wp-content\/uploads\/2024\/10\/labirati.png\" alt=\"\" class=\"wp-image-28854\" srcset=\"https:\/\/radiostudiow.com.br\/site\/wp-content\/uploads\/2024\/10\/labirati.png 598w, https:\/\/radiostudiow.com.br\/site\/wp-content\/uploads\/2024\/10\/labirati-300x102.png 300w\" sizes=\"auto, (max-width: 598px) 100vw, 598px\" \/><\/figure>\n\n\n\n<p>Nesse momento, dois homens armados anunciaram o roubo, obrigando a v\u00edtima a entrar no ve\u00edculo dos criminosos.&nbsp;Ap\u00f3s a a\u00e7\u00e3o, o motorista foi deixado em uma \u00e1rea de mata, distante da rodovia, antes que os assaltantes fugissem.<\/p>\n\n\n\n<p>Diante da situa\u00e7\u00e3o a equipe da Pol\u00edcia Militar registrou a ocorr\u00eancia e orientou a v\u00edtima quanto aos procedimentos cab\u00edveis.<\/p>\n","protected":false},"excerpt":{"rendered":"<p>Um homem compareceu \u00e0 3\u00aa Companhia de Pol\u00edcia em S\u00e3o Mateus do Sul, relatando ter sido v\u00edtima de um roubo na BR-476 por volta das 14:23 horas desta quinta-feira (12). Segundo o relato, ele estava transitando no sentido S\u00e3o Mateus quando um ve\u00edculo realizou uma ultrapassagem e freou bruscamente, for\u00e7ando o motorista a parar o [&hellip;]<\/p>\n","protected":false},"author":2,"featured_media":31622,"comment_status":"open","ping_status":"open","sticky":false,"template":"","format":"standard","meta":{"footnotes":""},"categories":[2],"tags":[172],"class_list":["post-31574","post","type-post","status-publish","format-standard","has-post-thumbnail","hentry","category-policial","tag-featured"],"amp_enabled":true,"_links":{"self":[{"href":"https:\/\/radiostudiow.com.br\/site\/wp-json\/wp\/v2\/posts\/31574","targetHints":{"allow":["GET"]}}],"collection":[{"href":"https:\/\/radiostudiow.com.br\/site\/wp-json\/wp\/v2\/posts"}],"about":[{"href":"https:\/\/radiostudiow.com.br\/site\/wp-json\/wp\/v2\/types\/post"}],"author":[{"embeddable":true,"href":"https:\/\/radiostudiow.com.br\/site\/wp-json\/wp\/v2\/users\/2"}],"replies":[{"embeddable":true,"href":"https:\/\/radiostudiow.com.br\/site\/wp-json\/wp\/v2\/comments?post=31574"}],"version-history":[{"count":4,"href":"https:\/\/radiostudiow.com.br\/site\/wp-json\/wp\/v2\/posts\/31574\/revisions"}],"predecessor-version":[{"id":31624,"href":"https:\/\/radiostudiow.com.br\/site\/wp-json\/wp\/v2\/posts\/31574\/revisions\/31624"}],"wp:featuredmedia":[{"embeddable":true,"href":"https:\/\/radiostudiow.com.br\/site\/wp-json\/wp\/v2\/media\/31622"}],"wp:attachment":[{"href":"https:\/\/radiostudiow.com.br\/site\/wp-json\/wp\/v2\/media?parent=31574"}],"wp:term":[{"taxonomy":"category","embeddable":true,"href":"https:\/\/radiostudiow.com.br\/site\/wp-json\/wp\/v2\/categories?post=31574"},{"taxonomy":"post_tag","embeddable":true,"href":"https:\/\/radiostudiow.com.br\/site\/wp-json\/wp\/v2\/tags?post=31574"}],"curies":[{"name":"wp","href":"https:\/\/api.w.org\/{rel}","templated":true}]}}