{"id":31582,"date":"2024-12-14T09:18:03","date_gmt":"2024-12-14T12:18:03","guid":{"rendered":"https:\/\/radiostudiow.com.br\/site\/?p=31582"},"modified":"2025-01-31T14:58:06","modified_gmt":"2025-01-31T17:58:06","slug":"veiculo-furtado-e-recuperado-em-reboucas-e-tres-pessoas-sao-detidas","status":"publish","type":"post","link":"https:\/\/radiostudiow.com.br\/site\/2024\/12\/14\/veiculo-furtado-e-recuperado-em-reboucas-e-tres-pessoas-sao-detidas\/","title":{"rendered":"Ve\u00edculo furtado \u00e9 recuperado em Rebou\u00e7as e tr\u00eas pessoas s\u00e3o detidas"},"content":{"rendered":"\n<p>A equipe policial de Rebou\u00e7as localizou um ve\u00edculo Gol de cor branca, com alerta de furto, parado no trevo de acesso \u00e0 cidade, na BR-153 por volta das 07:10 horas desta quarta-feira, 11 de dezembro. A situa\u00e7\u00e3o chamou a aten\u00e7\u00e3o devido \u00e0 presen\u00e7a de tr\u00eas indiv\u00edduos que estavam pr\u00f3ximo ao ve\u00edculo.<\/p>\n\n\n\n<figure class=\"wp-block-image size-full\"><img loading=\"lazy\" decoding=\"async\" width=\"590\" height=\"204\" src=\"https:\/\/radiostudiow.com.br\/site\/wp-content\/uploads\/2024\/04\/image-27.png\" alt=\"\" class=\"wp-image-21280\" srcset=\"https:\/\/radiostudiow.com.br\/site\/wp-content\/uploads\/2024\/04\/image-27.png 590w, https:\/\/radiostudiow.com.br\/site\/wp-content\/uploads\/2024\/04\/image-27-300x104.png 300w\" sizes=\"auto, (max-width: 590px) 100vw, 590px\" \/><\/figure>\n\n\n\n<p>Ao notar a aproxima\u00e7\u00e3o da viatura, os suspeitos pretendiam se evadir do local. Contudo, a equipe policial fez o retorno na rodovia e conseguiu abordar os indiv\u00edduos.<\/p>\n\n\n\n<p>Ap\u00f3s consulta \u00e0 placa do ve\u00edculo, foi confirmado que o mesmo havia sido furtado em 14 de novembro de 2022. Durante a abordagem, um dos detidos afirmou ser o propriet\u00e1rio do autom\u00f3vel e declarou que o havia adquirido h\u00e1 algum tempo.<\/p>\n\n\n\n<p>Diante dos fatos, o ve\u00edculo foi recolhido por um guincho da corpora\u00e7\u00e3o e conduzido \u00e0 Delegacia de Pol\u00edcia Civil de Rebou\u00e7as. Os tr\u00eas suspeitos recebidos em voz de pris\u00e3o e foram encaminhados \u00e0 Delegacia de Irati, onde a Pol\u00edcia Judici\u00e1ria ir\u00e1 iniciar as investiga\u00e7\u00f5es.<\/p>\n","protected":false},"excerpt":{"rendered":"<p>A equipe policial de Rebou\u00e7as localizou um ve\u00edculo Gol de cor branca, com alerta de furto, parado no trevo de acesso \u00e0 cidade, na BR-153 por volta das 07:10 horas desta quarta-feira, 11 de dezembro. A situa\u00e7\u00e3o chamou a aten\u00e7\u00e3o devido \u00e0 presen\u00e7a de tr\u00eas indiv\u00edduos que estavam pr\u00f3ximo ao ve\u00edculo. Ao notar a aproxima\u00e7\u00e3o [&hellip;]<\/p>\n","protected":false},"author":2,"featured_media":31627,"comment_status":"open","ping_status":"open","sticky":false,"template":"","format":"standard","meta":{"footnotes":""},"categories":[2],"tags":[172],"class_list":["post-31582","post","type-post","status-publish","format-standard","has-post-thumbnail","hentry","category-policial","tag-featured"],"amp_enabled":true,"_links":{"self":[{"href":"https:\/\/radiostudiow.com.br\/site\/wp-json\/wp\/v2\/posts\/31582","targetHints":{"allow":["GET"]}}],"collection":[{"href":"https:\/\/radiostudiow.com.br\/site\/wp-json\/wp\/v2\/posts"}],"about":[{"href":"https:\/\/radiostudiow.com.br\/site\/wp-json\/wp\/v2\/types\/post"}],"author":[{"embeddable":true,"href":"https:\/\/radiostudiow.com.br\/site\/wp-json\/wp\/v2\/users\/2"}],"replies":[{"embeddable":true,"href":"https:\/\/radiostudiow.com.br\/site\/wp-json\/wp\/v2\/comments?post=31582"}],"version-history":[{"count":2,"href":"https:\/\/radiostudiow.com.br\/site\/wp-json\/wp\/v2\/posts\/31582\/revisions"}],"predecessor-version":[{"id":31628,"href":"https:\/\/radiostudiow.com.br\/site\/wp-json\/wp\/v2\/posts\/31582\/revisions\/31628"}],"wp:featuredmedia":[{"embeddable":true,"href":"https:\/\/radiostudiow.com.br\/site\/wp-json\/wp\/v2\/media\/31627"}],"wp:attachment":[{"href":"https:\/\/radiostudiow.com.br\/site\/wp-json\/wp\/v2\/media?parent=31582"}],"wp:term":[{"taxonomy":"category","embeddable":true,"href":"https:\/\/radiostudiow.com.br\/site\/wp-json\/wp\/v2\/categories?post=31582"},{"taxonomy":"post_tag","embeddable":true,"href":"https:\/\/radiostudiow.com.br\/site\/wp-json\/wp\/v2\/tags?post=31582"}],"curies":[{"name":"wp","href":"https:\/\/api.w.org\/{rel}","templated":true}]}}