{"id":31586,"date":"2024-12-13T18:00:53","date_gmt":"2024-12-13T21:00:53","guid":{"rendered":"https:\/\/radiostudiow.com.br\/site\/?p=31586"},"modified":"2025-01-31T14:58:06","modified_gmt":"2025-01-31T17:58:06","slug":"sicredi-chega-a-cabo-frio-e-araruama-nos-proximos-dias","status":"publish","type":"post","link":"https:\/\/radiostudiow.com.br\/site\/2024\/12\/13\/sicredi-chega-a-cabo-frio-e-araruama-nos-proximos-dias\/","title":{"rendered":"Sicredi chega a Cabo Frio e Araruama nos pr\u00f3ximos dias"},"content":{"rendered":"\n<p><em>As inaugura\u00e7\u00f5es das ag\u00eancias acontecem no dia 16\/12 em Cabo Frio e no dia 17\/12 em Araruama<\/em><\/p>\n\n\n\n<p>O Sicredi, 1\u00aa institui\u00e7\u00e3o financeira cooperativa do Brasil, comprometida com a vida financeira de seus mais de 8,5 milh\u00f5es de associados em todo pa\u00eds, realizar\u00e1 nos dias 16 e 17 de dezembro duas inaugura\u00e7\u00f5es nas cidades de Cabo Frio e Araruama.<\/p>\n\n\n\n<p>A inaugura\u00e7\u00e3o das ag\u00eancias visa proporcionar aos moradores da regi\u00e3o dos lagos, um modelo de cooperativismo que valoriza a colabora\u00e7\u00e3o e participa\u00e7\u00e3o ativa de seus associados.<\/p>\n\n\n\n<figure class=\"wp-block-image size-full\"><img loading=\"lazy\" decoding=\"async\" width=\"897\" height=\"204\" src=\"https:\/\/radiostudiow.com.br\/site\/wp-content\/uploads\/2024\/04\/image-37.png\" alt=\"\" class=\"wp-image-21305\" srcset=\"https:\/\/radiostudiow.com.br\/site\/wp-content\/uploads\/2024\/04\/image-37.png 897w, https:\/\/radiostudiow.com.br\/site\/wp-content\/uploads\/2024\/04\/image-37-300x68.png 300w, https:\/\/radiostudiow.com.br\/site\/wp-content\/uploads\/2024\/04\/image-37-768x175.png 768w\" sizes=\"auto, (max-width: 897px) 100vw, 897px\" \/><\/figure>\n\n\n\n<p>O presidente da Sicredi Centro Sul PR\/SC\/RJ, Santo Cappellari, reflete sobre o futuro e as perspectivas que essas novas ag\u00eancias trazem &#8220;O Sicredi tem mais de 120 anos de hist\u00f3ria. A institui\u00e7\u00e3o financeira que nasceu no Rio Grande do Sul, j\u00e1 est\u00e1 em todos os estados do Brasil e agora chega \u00e0 Regi\u00e3o dos Lagos para proporcionar a popula\u00e7\u00e3o uma nova forma de cuidar da vida financeira, mais humana, mais consultiva, transparente e comprometida em contribuir com o desenvolvimento econ\u00f4mico das pessoas e da sociedade&#8221;.<\/p>\n\n\n\n<p>Para o Gerente Regional de Desenvolvimento da Regi\u00e3o dos Lagos, Paulo Fernando Bulka, a chegada do Sicredi a Cabo Frio e Araruama representa uma nova oportunidade de novos neg\u00f3cios e desenvolvimento local \u201cEstamos felizes pela oportunidade de expandir o cooperativismo nessas cidades e queremos fazer o melhor para as pessoas, levando conforto e exclusividade para nossos associados \u2013 finalizou Bulka.<\/p>\n\n\n\n<p><strong>Ag\u00eancia Araruama<\/strong><\/p>\n\n\n\n<p>Localizada na Avenida Brasil, 71 \u2013 Centro, a unidade contar\u00e1 com 518 metros quadrados de \u00e1rea constru\u00edda e uma estrutura ampla, moderna e sustent\u00e1vel, projetada para oferecer conforto e seguran\u00e7a, com colaboradores preparados para proporcionar uma melhor experi\u00eancia aos associados.<\/p>\n\n\n\n<p><strong>Ag\u00eancia Cabo Frio<\/strong><\/p>\n\n\n\n<p>Na nova ag\u00eancia de Cabo Frio, o associado poder\u00e1 vivenciar uma experi\u00eancia e um atendimento humanizado em um espa\u00e7o de mais de 515 metros quadrados, localizado na Nossa Senhora de Assun\u00e7\u00e3o, 1023, Centro \u2013 Cabo Frio. A unidade foi planejada para valorizar a luz natural, a acessibilidade, o paisagismo nativo, al\u00e9m de proporcionar conforto e seguran\u00e7a.<\/p>\n\n\n\n<figure class=\"wp-block-image size-large\"><img loading=\"lazy\" decoding=\"async\" width=\"1024\" height=\"576\" src=\"https:\/\/radiostudiow.com.br\/site\/wp-content\/uploads\/2024\/12\/Agencia-de-Cabo-Frio-1024x576.jpg\" alt=\"\" class=\"wp-image-31589\" srcset=\"https:\/\/radiostudiow.com.br\/site\/wp-content\/uploads\/2024\/12\/Agencia-de-Cabo-Frio-1024x576.jpg 1024w, https:\/\/radiostudiow.com.br\/site\/wp-content\/uploads\/2024\/12\/Agencia-de-Cabo-Frio-300x169.jpg 300w, https:\/\/radiostudiow.com.br\/site\/wp-content\/uploads\/2024\/12\/Agencia-de-Cabo-Frio-768x432.jpg 768w, https:\/\/radiostudiow.com.br\/site\/wp-content\/uploads\/2024\/12\/Agencia-de-Cabo-Frio-1536x864.jpg 1536w, https:\/\/radiostudiow.com.br\/site\/wp-content\/uploads\/2024\/12\/Agencia-de-Cabo-Frio-2048x1152.jpg 2048w\" sizes=\"auto, (max-width: 1024px) 100vw, 1024px\" \/><figcaption class=\"wp-element-caption\"><strong>Ag\u00eancia Cabo Frio<\/strong><\/figcaption><\/figure>\n\n\n\n<p><strong><em>Sobre o Sicredi<\/em><\/strong><\/p>\n\n\n\n<p><em>O Sicredi \u00e9 uma institui\u00e7\u00e3o financeira cooperativa comprometida com o crescimento de seus associados e com o desenvolvimento das regi\u00f5es onde atua. Possui um modelo de gest\u00e3o que valoriza a participa\u00e7\u00e3o dos mais de 8,5 milh\u00f5es de associados, que exercem o papel de donos do neg\u00f3cio. Com mais de 2.800 ag\u00eancias, o Sicredi est\u00e1 presente fisicamente em todos os estados brasileiros e no Distrito Federal, disponibilizando uma gama completa de solu\u00e7\u00f5es financeiras e muito mais.<\/em><\/p>\n\n\n\n<p><em>Site do Sicredi:&nbsp;<\/em><a href=\"http:\/\/www.sicredi.com.br\/site\" target=\"_blank\" rel=\"noreferrer noopener\"><em>Clique aqui<\/em><\/a><\/p>\n\n\n\n<p><\/p>\n","protected":false},"excerpt":{"rendered":"<p>As inaugura\u00e7\u00f5es das ag\u00eancias acontecem no dia 16\/12 em Cabo Frio e no dia 17\/12 em Araruama O Sicredi, 1\u00aa institui\u00e7\u00e3o financeira cooperativa do Brasil, comprometida com a vida financeira de seus mais de 8,5 milh\u00f5es de associados em todo pa\u00eds, realizar\u00e1 nos dias 16 e 17 de dezembro duas inaugura\u00e7\u00f5es nas cidades de Cabo [&hellip;]<\/p>\n","protected":false},"author":2,"featured_media":31588,"comment_status":"open","ping_status":"open","sticky":false,"template":"","format":"standard","meta":{"footnotes":""},"categories":[7],"tags":[172],"class_list":["post-31586","post","type-post","status-publish","format-standard","has-post-thumbnail","hentry","category-geral","tag-featured"],"amp_enabled":true,"_links":{"self":[{"href":"https:\/\/radiostudiow.com.br\/site\/wp-json\/wp\/v2\/posts\/31586","targetHints":{"allow":["GET"]}}],"collection":[{"href":"https:\/\/radiostudiow.com.br\/site\/wp-json\/wp\/v2\/posts"}],"about":[{"href":"https:\/\/radiostudiow.com.br\/site\/wp-json\/wp\/v2\/types\/post"}],"author":[{"embeddable":true,"href":"https:\/\/radiostudiow.com.br\/site\/wp-json\/wp\/v2\/users\/2"}],"replies":[{"embeddable":true,"href":"https:\/\/radiostudiow.com.br\/site\/wp-json\/wp\/v2\/comments?post=31586"}],"version-history":[{"count":1,"href":"https:\/\/radiostudiow.com.br\/site\/wp-json\/wp\/v2\/posts\/31586\/revisions"}],"predecessor-version":[{"id":31590,"href":"https:\/\/radiostudiow.com.br\/site\/wp-json\/wp\/v2\/posts\/31586\/revisions\/31590"}],"wp:featuredmedia":[{"embeddable":true,"href":"https:\/\/radiostudiow.com.br\/site\/wp-json\/wp\/v2\/media\/31588"}],"wp:attachment":[{"href":"https:\/\/radiostudiow.com.br\/site\/wp-json\/wp\/v2\/media?parent=31586"}],"wp:term":[{"taxonomy":"category","embeddable":true,"href":"https:\/\/radiostudiow.com.br\/site\/wp-json\/wp\/v2\/categories?post=31586"},{"taxonomy":"post_tag","embeddable":true,"href":"https:\/\/radiostudiow.com.br\/site\/wp-json\/wp\/v2\/tags?post=31586"}],"curies":[{"name":"wp","href":"https:\/\/api.w.org\/{rel}","templated":true}]}}