{"id":31629,"date":"2024-12-14T09:51:24","date_gmt":"2024-12-14T12:51:24","guid":{"rendered":"https:\/\/radiostudiow.com.br\/site\/?p=31629"},"modified":"2025-01-31T14:58:06","modified_gmt":"2025-01-31T17:58:06","slug":"mulher-e-vitima-de-violencia-domestica-em-uniao-da-vitoria","status":"publish","type":"post","link":"https:\/\/radiostudiow.com.br\/site\/2024\/12\/14\/mulher-e-vitima-de-violencia-domestica-em-uniao-da-vitoria\/","title":{"rendered":"Mulher \u00e9 v\u00edtima de viol\u00eancia dom\u00e9stica em Uni\u00e3o da Vit\u00f3ria"},"content":{"rendered":"\n<p>Uma mulher procurou a sede do 27\u00ba BPM de Uni\u00e3o da Vit\u00f3ria relatando que foi v\u00edtima de viol\u00eancia dom\u00e9stica ap\u00f3s ter sido agredida por seu convivente e que ele pegou as filhas do casal e se evadiu de casa na noite desta quinta-feira (12).<\/p>\n\n\n\n<figure class=\"wp-block-image size-full\"><img loading=\"lazy\" decoding=\"async\" width=\"897\" height=\"204\" src=\"https:\/\/radiostudiow.com.br\/site\/wp-content\/uploads\/2024\/08\/TIJOLAO.png\" alt=\"\" class=\"wp-image-25951\" srcset=\"https:\/\/radiostudiow.com.br\/site\/wp-content\/uploads\/2024\/08\/TIJOLAO.png 897w, https:\/\/radiostudiow.com.br\/site\/wp-content\/uploads\/2024\/08\/TIJOLAO-300x68.png 300w, https:\/\/radiostudiow.com.br\/site\/wp-content\/uploads\/2024\/08\/TIJOLAO-768x175.png 768w\" sizes=\"auto, (max-width: 897px) 100vw, 897px\" \/><\/figure>\n\n\n\n<p>Diante dos fatos, a equipe realizou patrulhamento nos endere\u00e7os que seria poss\u00edvel encontrar o autor, por\u00e9m, n\u00e3o obteve \u00eaxito na busca. A v\u00edtima foi encaminhada at\u00e9 a UPA para realizar exame m\u00e9dico e posteriormente, o irm\u00e3o da mulher ligou para ela informando que as crian\u00e7as estavam na casa dele em seguran\u00e7a e que o autor teria deixado elas l\u00e1, se evadindo com rumo ignorado.<\/p>\n\n\n\n<p>Em Porto Uni\u00e3o, a PM apenas informou que foram dois casos de amea\u00e7a e um de les\u00e3o corporal, todos sendo casos de viol\u00eancia dom\u00e9stica, por\u00e9m, nenhuma informa\u00e7\u00e3o adicional sobre se algu\u00e9m foi preso ou detalhes das ocorr\u00eancias.<\/p>\n\n\n\n<p><\/p>\n","protected":false},"excerpt":{"rendered":"<p>Uma mulher procurou a sede do 27\u00ba BPM de Uni\u00e3o da Vit\u00f3ria relatando que foi v\u00edtima de viol\u00eancia dom\u00e9stica ap\u00f3s ter sido agredida por seu convivente e que ele pegou as filhas do casal e se evadiu de casa na noite desta quinta-feira (12). Diante dos fatos, a equipe realizou patrulhamento nos endere\u00e7os que seria [&hellip;]<\/p>\n","protected":false},"author":2,"featured_media":30170,"comment_status":"open","ping_status":"open","sticky":false,"template":"","format":"standard","meta":{"footnotes":""},"categories":[2],"tags":[172],"class_list":["post-31629","post","type-post","status-publish","format-standard","has-post-thumbnail","hentry","category-policial","tag-featured"],"amp_enabled":true,"_links":{"self":[{"href":"https:\/\/radiostudiow.com.br\/site\/wp-json\/wp\/v2\/posts\/31629","targetHints":{"allow":["GET"]}}],"collection":[{"href":"https:\/\/radiostudiow.com.br\/site\/wp-json\/wp\/v2\/posts"}],"about":[{"href":"https:\/\/radiostudiow.com.br\/site\/wp-json\/wp\/v2\/types\/post"}],"author":[{"embeddable":true,"href":"https:\/\/radiostudiow.com.br\/site\/wp-json\/wp\/v2\/users\/2"}],"replies":[{"embeddable":true,"href":"https:\/\/radiostudiow.com.br\/site\/wp-json\/wp\/v2\/comments?post=31629"}],"version-history":[{"count":1,"href":"https:\/\/radiostudiow.com.br\/site\/wp-json\/wp\/v2\/posts\/31629\/revisions"}],"predecessor-version":[{"id":31631,"href":"https:\/\/radiostudiow.com.br\/site\/wp-json\/wp\/v2\/posts\/31629\/revisions\/31631"}],"wp:featuredmedia":[{"embeddable":true,"href":"https:\/\/radiostudiow.com.br\/site\/wp-json\/wp\/v2\/media\/30170"}],"wp:attachment":[{"href":"https:\/\/radiostudiow.com.br\/site\/wp-json\/wp\/v2\/media?parent=31629"}],"wp:term":[{"taxonomy":"category","embeddable":true,"href":"https:\/\/radiostudiow.com.br\/site\/wp-json\/wp\/v2\/categories?post=31629"},{"taxonomy":"post_tag","embeddable":true,"href":"https:\/\/radiostudiow.com.br\/site\/wp-json\/wp\/v2\/tags?post=31629"}],"curies":[{"name":"wp","href":"https:\/\/api.w.org\/{rel}","templated":true}]}}