{"id":31633,"date":"2024-12-16T09:40:24","date_gmt":"2024-12-16T12:40:24","guid":{"rendered":"https:\/\/radiostudiow.com.br\/site\/?p=31633"},"modified":"2025-01-31T14:58:06","modified_gmt":"2025-01-31T17:58:06","slug":"apos-acidente-na-br-153-em-reboucas-veiculo-pega-fogo-condutor-foi-a-obito","status":"publish","type":"post","link":"https:\/\/radiostudiow.com.br\/site\/2024\/12\/16\/apos-acidente-na-br-153-em-reboucas-veiculo-pega-fogo-condutor-foi-a-obito\/","title":{"rendered":"Jovem de 27 anos perde a vida ap\u00f3s sa\u00edda de pista e ve\u00edculo pegar fogo na BR-153 em Rebou\u00e7as"},"content":{"rendered":"\n<p>Um grave acidente foi registrado no km 359 da BR-153, entre os munic\u00edpios de Rebou\u00e7as e Rio Azul, pr\u00f3ximo ao local chamado reta da Santa \u00c2ngela. Um ve\u00edculo Chevrolet Cobalt da cor preta foi encontrado fora da pista, destru\u00eddo pelas chamas por volta das 04 horas desse domingo (15).&nbsp;<\/p>\n\n\n\n<figure class=\"wp-block-image size-full\"><img loading=\"lazy\" decoding=\"async\" width=\"598\" height=\"204\" src=\"https:\/\/radiostudiow.com.br\/site\/wp-content\/uploads\/2024\/10\/labirati.png\" alt=\"\" class=\"wp-image-28854\" srcset=\"https:\/\/radiostudiow.com.br\/site\/wp-content\/uploads\/2024\/10\/labirati.png 598w, https:\/\/radiostudiow.com.br\/site\/wp-content\/uploads\/2024\/10\/labirati-300x102.png 300w\" sizes=\"auto, (max-width: 598px) 100vw, 598px\" \/><\/figure>\n\n\n\n<p>Segundo as autoridades, o condutor identificado como Gabriel Gembaroski, de 27 anos, perdeu o controle do carro, saiu da pista, onde posteriormente pegou fogo no ve\u00edculo. A cena chamou a aten\u00e7\u00e3o das autoridades pela gravidade do ocorrido. Dentro do autom\u00f3vel, foi encontrado um corpo carbonizado que posteriormente foi identificado como&nbsp;Gabriel Gembaroski 27 anos.<\/p>\n\n\n\n<p>Equipes da Pol\u00edcia Rodovi\u00e1ria Federal (PRF), do Corpo de Bombeiros e da Pol\u00edcia Cient\u00edfica compareceram no local para realizar os levantamentos.<\/p>\n\n\n\n<p>O caso ser\u00e1 apurado pelas autoridades competentes. O Instituto M\u00e9dico Legal (IML) foi acionado para coletar os restos mortais e realizar exames mais detalhados, que dever\u00e3o determinar as informa\u00e7\u00f5es do caso.<\/p>\n\n\n\n<figure class=\"wp-block-image size-large\"><img loading=\"lazy\" decoding=\"async\" width=\"1024\" height=\"768\" src=\"https:\/\/radiostudiow.com.br\/site\/wp-content\/uploads\/2024\/12\/image-60-1024x768.png\" alt=\"\" class=\"wp-image-31634\" srcset=\"https:\/\/radiostudiow.com.br\/site\/wp-content\/uploads\/2024\/12\/image-60-1024x768.png 1024w, https:\/\/radiostudiow.com.br\/site\/wp-content\/uploads\/2024\/12\/image-60-300x225.png 300w, https:\/\/radiostudiow.com.br\/site\/wp-content\/uploads\/2024\/12\/image-60-768x576.png 768w, https:\/\/radiostudiow.com.br\/site\/wp-content\/uploads\/2024\/12\/image-60.png 1280w\" sizes=\"auto, (max-width: 1024px) 100vw, 1024px\" \/><\/figure>\n\n\n\n<figure class=\"wp-block-image size-large\"><img loading=\"lazy\" decoding=\"async\" width=\"1024\" height=\"768\" src=\"https:\/\/radiostudiow.com.br\/site\/wp-content\/uploads\/2024\/12\/image-61-1024x768.png\" alt=\"\" class=\"wp-image-31635\" srcset=\"https:\/\/radiostudiow.com.br\/site\/wp-content\/uploads\/2024\/12\/image-61-1024x768.png 1024w, https:\/\/radiostudiow.com.br\/site\/wp-content\/uploads\/2024\/12\/image-61-300x225.png 300w, https:\/\/radiostudiow.com.br\/site\/wp-content\/uploads\/2024\/12\/image-61-768x576.png 768w, https:\/\/radiostudiow.com.br\/site\/wp-content\/uploads\/2024\/12\/image-61.png 1280w\" sizes=\"auto, (max-width: 1024px) 100vw, 1024px\" \/><\/figure>\n","protected":false},"excerpt":{"rendered":"<p>Um grave acidente foi registrado no km 359 da BR-153, entre os munic\u00edpios de Rebou\u00e7as e Rio Azul, pr\u00f3ximo ao local chamado reta da Santa \u00c2ngela. Um ve\u00edculo Chevrolet Cobalt da cor preta foi encontrado fora da pista, destru\u00eddo pelas chamas por volta das 04 horas desse domingo (15).&nbsp; Segundo as autoridades, o condutor identificado [&hellip;]<\/p>\n","protected":false},"author":2,"featured_media":31640,"comment_status":"open","ping_status":"open","sticky":false,"template":"","format":"standard","meta":{"footnotes":""},"categories":[185],"tags":[172],"class_list":["post-31633","post","type-post","status-publish","format-standard","has-post-thumbnail","hentry","category-regional","tag-featured"],"amp_enabled":true,"_links":{"self":[{"href":"https:\/\/radiostudiow.com.br\/site\/wp-json\/wp\/v2\/posts\/31633","targetHints":{"allow":["GET"]}}],"collection":[{"href":"https:\/\/radiostudiow.com.br\/site\/wp-json\/wp\/v2\/posts"}],"about":[{"href":"https:\/\/radiostudiow.com.br\/site\/wp-json\/wp\/v2\/types\/post"}],"author":[{"embeddable":true,"href":"https:\/\/radiostudiow.com.br\/site\/wp-json\/wp\/v2\/users\/2"}],"replies":[{"embeddable":true,"href":"https:\/\/radiostudiow.com.br\/site\/wp-json\/wp\/v2\/comments?post=31633"}],"version-history":[{"count":4,"href":"https:\/\/radiostudiow.com.br\/site\/wp-json\/wp\/v2\/posts\/31633\/revisions"}],"predecessor-version":[{"id":31651,"href":"https:\/\/radiostudiow.com.br\/site\/wp-json\/wp\/v2\/posts\/31633\/revisions\/31651"}],"wp:featuredmedia":[{"embeddable":true,"href":"https:\/\/radiostudiow.com.br\/site\/wp-json\/wp\/v2\/media\/31640"}],"wp:attachment":[{"href":"https:\/\/radiostudiow.com.br\/site\/wp-json\/wp\/v2\/media?parent=31633"}],"wp:term":[{"taxonomy":"category","embeddable":true,"href":"https:\/\/radiostudiow.com.br\/site\/wp-json\/wp\/v2\/categories?post=31633"},{"taxonomy":"post_tag","embeddable":true,"href":"https:\/\/radiostudiow.com.br\/site\/wp-json\/wp\/v2\/tags?post=31633"}],"curies":[{"name":"wp","href":"https:\/\/api.w.org\/{rel}","templated":true}]}}