{"id":31645,"date":"2024-12-16T10:43:45","date_gmt":"2024-12-16T13:43:45","guid":{"rendered":"https:\/\/radiostudiow.com.br\/site\/?p=31645"},"modified":"2025-01-31T14:58:06","modified_gmt":"2025-01-31T17:58:06","slug":"mandados-de-prisao-sao-cumpridos-durante-patrulhamento-policial-em-reboucas-e-rio-azul","status":"publish","type":"post","link":"https:\/\/radiostudiow.com.br\/site\/2024\/12\/16\/mandados-de-prisao-sao-cumpridos-durante-patrulhamento-policial-em-reboucas-e-rio-azul\/","title":{"rendered":"Mandados de pris\u00e3o s\u00e3o cumpridos durante patrulhamento policial em Rebou\u00e7as e Rio Azul"},"content":{"rendered":"\n<p>No final de semana duas pessoas foram presas em Rio Azul e Rebou\u00e7as por mandados de pris\u00e3o. Uma por estupro de vulner\u00e1vel e outra por furto ocorrido nesta sexta-feira (13).<\/p>\n\n\n\n<figure class=\"wp-block-image size-full\"><img loading=\"lazy\" decoding=\"async\" width=\"900\" height=\"408\" src=\"https:\/\/radiostudiow.com.br\/site\/wp-content\/uploads\/2024\/09\/image-64-1.png\" alt=\"\" class=\"wp-image-28207\" srcset=\"https:\/\/radiostudiow.com.br\/site\/wp-content\/uploads\/2024\/09\/image-64-1.png 900w, https:\/\/radiostudiow.com.br\/site\/wp-content\/uploads\/2024\/09\/image-64-1-300x136.png 300w, https:\/\/radiostudiow.com.br\/site\/wp-content\/uploads\/2024\/09\/image-64-1-768x348.png 768w\" sizes=\"auto, (max-width: 900px) 100vw, 900px\" \/><\/figure>\n\n\n\n<h2 class=\"wp-block-heading\"><em>Rebou\u00e7as<\/em><\/h2>\n\n\n\n<p>Durante patrulhamento pelo bairro Santo Antonio a equipe realizou abordagem a um homem, realizado busca pessoal nada de il\u00edcito localizado.<\/p>\n\n\n\n<p>Em consulta ao sistema nacional de mandados de pris\u00e3o, foi verificado que contra o mesmo h\u00e1 um mandado de pris\u00e3o em aberto pelo Art 217 (Estupro de Vulner\u00e1vel), expedido pelo poder judici\u00e1rio da comarca de Teixeira Soares.<\/p>\n\n\n\n<p>Diante do exposto o abordado foi encaminhado at\u00e9 o hospital LOCAL para confec\u00e7\u00e3o do laudo de les\u00e3o corporal ( sem les\u00f5es) e posteriormente entregue junto ao Depen da cidade de Irati para o fiel cumprimento do mandado de pris\u00e3o.<\/p>\n\n\n\n<figure class=\"wp-block-image size-full\"><img loading=\"lazy\" decoding=\"async\" width=\"897\" height=\"204\" src=\"https:\/\/radiostudiow.com.br\/site\/wp-content\/uploads\/2024\/08\/TIJOLAO.png\" alt=\"\" class=\"wp-image-25951\" srcset=\"https:\/\/radiostudiow.com.br\/site\/wp-content\/uploads\/2024\/08\/TIJOLAO.png 897w, https:\/\/radiostudiow.com.br\/site\/wp-content\/uploads\/2024\/08\/TIJOLAO-300x68.png 300w, https:\/\/radiostudiow.com.br\/site\/wp-content\/uploads\/2024\/08\/TIJOLAO-768x175.png 768w\" sizes=\"auto, (max-width: 897px) 100vw, 897px\" \/><\/figure>\n\n\n\n<h2 class=\"wp-block-heading\"><em>Rio Azul<\/em><\/h2>\n\n\n\n<p>A equipe da equipe realizava patrulhamento pela Vila Gembaroski quando realizou abordagem a um homem onde era de conhecimento da equipe que havia um mandado de pris\u00e3o em aberto em desfavor do mesmo pelo ART 155 (FURTO),por volta das 22:30 horas dessa sexta-feira (13).<\/p>\n\n\n\n<p>Sendo assim foi dado voz de pris\u00e3o ao homem que obedeceu \u00e0s ordens emanadas, em seguida encaminhado Andr\u00e9 at\u00e9 o hospital de Rio Azul para a confec\u00e7\u00e3o do laudo de les\u00f5es corporais e encaminhado ao Depen de Irati. Fica o registro para os devidos fins.<\/p>\n","protected":false},"excerpt":{"rendered":"<p>No final de semana duas pessoas foram presas em Rio Azul e Rebou\u00e7as por mandados de pris\u00e3o. Uma por estupro de vulner\u00e1vel e outra por furto ocorrido nesta sexta-feira (13). Rebou\u00e7as Durante patrulhamento pelo bairro Santo Antonio a equipe realizou abordagem a um homem, realizado busca pessoal nada de il\u00edcito localizado. Em consulta ao sistema [&hellip;]<\/p>\n","protected":false},"author":2,"featured_media":29518,"comment_status":"open","ping_status":"open","sticky":false,"template":"","format":"standard","meta":{"footnotes":""},"categories":[2],"tags":[172],"class_list":["post-31645","post","type-post","status-publish","format-standard","has-post-thumbnail","hentry","category-policial","tag-featured"],"amp_enabled":true,"_links":{"self":[{"href":"https:\/\/radiostudiow.com.br\/site\/wp-json\/wp\/v2\/posts\/31645","targetHints":{"allow":["GET"]}}],"collection":[{"href":"https:\/\/radiostudiow.com.br\/site\/wp-json\/wp\/v2\/posts"}],"about":[{"href":"https:\/\/radiostudiow.com.br\/site\/wp-json\/wp\/v2\/types\/post"}],"author":[{"embeddable":true,"href":"https:\/\/radiostudiow.com.br\/site\/wp-json\/wp\/v2\/users\/2"}],"replies":[{"embeddable":true,"href":"https:\/\/radiostudiow.com.br\/site\/wp-json\/wp\/v2\/comments?post=31645"}],"version-history":[{"count":2,"href":"https:\/\/radiostudiow.com.br\/site\/wp-json\/wp\/v2\/posts\/31645\/revisions"}],"predecessor-version":[{"id":31659,"href":"https:\/\/radiostudiow.com.br\/site\/wp-json\/wp\/v2\/posts\/31645\/revisions\/31659"}],"wp:featuredmedia":[{"embeddable":true,"href":"https:\/\/radiostudiow.com.br\/site\/wp-json\/wp\/v2\/media\/29518"}],"wp:attachment":[{"href":"https:\/\/radiostudiow.com.br\/site\/wp-json\/wp\/v2\/media?parent=31645"}],"wp:term":[{"taxonomy":"category","embeddable":true,"href":"https:\/\/radiostudiow.com.br\/site\/wp-json\/wp\/v2\/categories?post=31645"},{"taxonomy":"post_tag","embeddable":true,"href":"https:\/\/radiostudiow.com.br\/site\/wp-json\/wp\/v2\/tags?post=31645"}],"curies":[{"name":"wp","href":"https:\/\/api.w.org\/{rel}","templated":true}]}}