{"id":31652,"date":"2024-12-16T09:59:08","date_gmt":"2024-12-16T12:59:08","guid":{"rendered":"https:\/\/radiostudiow.com.br\/site\/?p=31652"},"modified":"2025-01-31T14:58:06","modified_gmt":"2025-01-31T17:58:06","slug":"acidente-envolve-tres-veiculos-e-deixa-homem-ferido-na-br-153-em-reboucas","status":"publish","type":"post","link":"https:\/\/radiostudiow.com.br\/site\/2024\/12\/16\/acidente-envolve-tres-veiculos-e-deixa-homem-ferido-na-br-153-em-reboucas\/","title":{"rendered":"Acidente envolve tr\u00eas ve\u00edculos e deixa homem ferido na BR-153 em Rebou\u00e7as"},"content":{"rendered":"\n<p>Um acidente de tr\u00e2nsito foi registrado no trevo do meio, na BR-153, em Rebou\u00e7as  por volta das 18 horas a tarde desta sexta-feira (13). O incidente envolveu tr\u00eas ve\u00edculos: uma Chevrolet S10 prata, uma Volkswagen Amarok prata e um Toyota Corolla branco.<\/p>\n\n\n\n<figure class=\"wp-block-image size-full\"><img decoding=\"async\" src=\"https:\/\/radiostudiow.com.br\/site\/wp-content\/uploads\/2024\/12\/BISTRO.png\" alt=\"\" class=\"wp-image-31336\"\/><\/figure>\n\n\n\n<p>De acordo com informa\u00e7\u00f5es preliminares, o motorista identificado como J.O.D.S., de 73 anos, sofreu ferimentos leves e recebeu atendimento no local pela brigada militar de Rebou\u00e7as.<\/p>\n\n\n\n<p>A Pol\u00edcia Rodovi\u00e1ria Federal (PRF) foi acionada para atendimento \u00e0 ocorr\u00eancia, mas, at\u00e9 o momento, os detalhes sobre a situa\u00e7\u00e3o do acidente n\u00e3o foram divulgados.<\/p>\n\n\n\n<p>Mais informa\u00e7\u00f5es ser\u00e3o divulgadas posteriormente pelas autoridades.<\/p>\n","protected":false},"excerpt":{"rendered":"<p>Um acidente de tr\u00e2nsito foi registrado no trevo do meio, na BR-153, em Rebou\u00e7as por volta das 18 horas a tarde desta sexta-feira (13). O incidente envolveu tr\u00eas ve\u00edculos: uma Chevrolet S10 prata, uma Volkswagen Amarok prata e um Toyota Corolla branco. De acordo com informa\u00e7\u00f5es preliminares, o motorista identificado como J.O.D.S., de 73 anos, [&hellip;]<\/p>\n","protected":false},"author":2,"featured_media":31653,"comment_status":"open","ping_status":"open","sticky":false,"template":"","format":"standard","meta":{"footnotes":""},"categories":[185],"tags":[172],"class_list":["post-31652","post","type-post","status-publish","format-standard","has-post-thumbnail","hentry","category-regional","tag-featured"],"amp_enabled":true,"_links":{"self":[{"href":"https:\/\/radiostudiow.com.br\/site\/wp-json\/wp\/v2\/posts\/31652","targetHints":{"allow":["GET"]}}],"collection":[{"href":"https:\/\/radiostudiow.com.br\/site\/wp-json\/wp\/v2\/posts"}],"about":[{"href":"https:\/\/radiostudiow.com.br\/site\/wp-json\/wp\/v2\/types\/post"}],"author":[{"embeddable":true,"href":"https:\/\/radiostudiow.com.br\/site\/wp-json\/wp\/v2\/users\/2"}],"replies":[{"embeddable":true,"href":"https:\/\/radiostudiow.com.br\/site\/wp-json\/wp\/v2\/comments?post=31652"}],"version-history":[{"count":1,"href":"https:\/\/radiostudiow.com.br\/site\/wp-json\/wp\/v2\/posts\/31652\/revisions"}],"predecessor-version":[{"id":31654,"href":"https:\/\/radiostudiow.com.br\/site\/wp-json\/wp\/v2\/posts\/31652\/revisions\/31654"}],"wp:featuredmedia":[{"embeddable":true,"href":"https:\/\/radiostudiow.com.br\/site\/wp-json\/wp\/v2\/media\/31653"}],"wp:attachment":[{"href":"https:\/\/radiostudiow.com.br\/site\/wp-json\/wp\/v2\/media?parent=31652"}],"wp:term":[{"taxonomy":"category","embeddable":true,"href":"https:\/\/radiostudiow.com.br\/site\/wp-json\/wp\/v2\/categories?post=31652"},{"taxonomy":"post_tag","embeddable":true,"href":"https:\/\/radiostudiow.com.br\/site\/wp-json\/wp\/v2\/tags?post=31652"}],"curies":[{"name":"wp","href":"https:\/\/api.w.org\/{rel}","templated":true}]}}