{"id":31660,"date":"2024-12-16T12:06:50","date_gmt":"2024-12-16T15:06:50","guid":{"rendered":"https:\/\/radiostudiow.com.br\/site\/?p=31660"},"modified":"2025-01-31T14:58:05","modified_gmt":"2025-01-31T17:58:05","slug":"veiculo-e-furtado-enquanto-o-dono-estava-em-formatura-na-cidade-de-mallet","status":"publish","type":"post","link":"https:\/\/radiostudiow.com.br\/site\/2024\/12\/16\/veiculo-e-furtado-enquanto-o-dono-estava-em-formatura-na-cidade-de-mallet\/","title":{"rendered":"Ve\u00edculo \u00e9 furtado enquanto o dono estava em formatura na cidade de Mallet"},"content":{"rendered":"\n<p>Um homem compareceu ao Pelot\u00e3o da Pol\u00edcia Militar de Mallet para registrar um caso de furto qualificado por volta das 05:30 horas desse domingo (15).<\/p>\n\n\n\n<p>O solicitante passou a relatar que estacionou o seu ve\u00edculo Parati, de cor prata e placas\u00a0<strong>MDQ 0E70<\/strong>, para ir ao evento de formatura e quando retornou para ir embora n\u00e3o encontrou seu ve\u00edculo no local. Os policiais fizeram a identifica\u00e7\u00e3o do ve\u00edculo para buscas posteriores.<\/p>\n\n\n\n<figure class=\"wp-block-image size-large is-resized\"><img loading=\"lazy\" decoding=\"async\" width=\"1024\" height=\"1000\" src=\"https:\/\/radiostudiow.com.br\/site\/wp-content\/uploads\/2024\/11\/image-91-1024x1000.png\" alt=\"\" class=\"wp-image-30656\" style=\"width:394px;height:auto\" srcset=\"https:\/\/radiostudiow.com.br\/site\/wp-content\/uploads\/2024\/11\/image-91-1024x1000.png 1024w, https:\/\/radiostudiow.com.br\/site\/wp-content\/uploads\/2024\/11\/image-91-300x293.png 300w, https:\/\/radiostudiow.com.br\/site\/wp-content\/uploads\/2024\/11\/image-91-768x750.png 768w, https:\/\/radiostudiow.com.br\/site\/wp-content\/uploads\/2024\/11\/image-91-1536x1500.png 1536w, https:\/\/radiostudiow.com.br\/site\/wp-content\/uploads\/2024\/11\/image-91.png 2048w\" sizes=\"auto, (max-width: 1024px) 100vw, 1024px\" \/><\/figure>\n\n\n\n<p>Segundo o relato do dono do ve\u00edculo, ele estacionou o carro nas proximidades do local do evento, mas ao retornar para busc\u00e1-lo, percebeu que ele n\u00e3o estava mais onde havia deixado. O furto foi comunicado \u00e0s autoridades locais, que j\u00e1 iniciaram as buscas pelo ve\u00edculo.<\/p>\n\n\n\n<p>Diante da situa\u00e7\u00e3o a v\u00edtima foi orientada quanto aos procedimentos cab\u00edveis e liberada. At\u00e9 o momento o ve\u00edculo n\u00e3o foi encontrado.<\/p>\n\n\n\n<p>A Pol\u00edcia Militar de Mallet solicita a colabora\u00e7\u00e3o da comunidade. Quem tiver informa\u00e7\u00f5es sobre o paradeiro da Parati ou qualquer movimento suspeito relacionado ao caso, pode entrar em contato atrav\u00e9s do telefone&nbsp;<strong>190<\/strong>&nbsp;ou com a delegacia local.<\/p>\n","protected":false},"excerpt":{"rendered":"<p>Um homem compareceu ao Pelot\u00e3o da Pol\u00edcia Militar de Mallet para registrar um caso de furto qualificado por volta das 05:30 horas desse domingo (15). O solicitante passou a relatar que estacionou o seu ve\u00edculo Parati, de cor prata e placas\u00a0MDQ 0E70, para ir ao evento de formatura e quando retornou para ir embora n\u00e3o [&hellip;]<\/p>\n","protected":false},"author":2,"featured_media":31663,"comment_status":"open","ping_status":"open","sticky":false,"template":"","format":"standard","meta":{"footnotes":""},"categories":[2],"tags":[172],"class_list":["post-31660","post","type-post","status-publish","format-standard","has-post-thumbnail","hentry","category-policial","tag-featured"],"amp_enabled":true,"_links":{"self":[{"href":"https:\/\/radiostudiow.com.br\/site\/wp-json\/wp\/v2\/posts\/31660","targetHints":{"allow":["GET"]}}],"collection":[{"href":"https:\/\/radiostudiow.com.br\/site\/wp-json\/wp\/v2\/posts"}],"about":[{"href":"https:\/\/radiostudiow.com.br\/site\/wp-json\/wp\/v2\/types\/post"}],"author":[{"embeddable":true,"href":"https:\/\/radiostudiow.com.br\/site\/wp-json\/wp\/v2\/users\/2"}],"replies":[{"embeddable":true,"href":"https:\/\/radiostudiow.com.br\/site\/wp-json\/wp\/v2\/comments?post=31660"}],"version-history":[{"count":4,"href":"https:\/\/radiostudiow.com.br\/site\/wp-json\/wp\/v2\/posts\/31660\/revisions"}],"predecessor-version":[{"id":31668,"href":"https:\/\/radiostudiow.com.br\/site\/wp-json\/wp\/v2\/posts\/31660\/revisions\/31668"}],"wp:featuredmedia":[{"embeddable":true,"href":"https:\/\/radiostudiow.com.br\/site\/wp-json\/wp\/v2\/media\/31663"}],"wp:attachment":[{"href":"https:\/\/radiostudiow.com.br\/site\/wp-json\/wp\/v2\/media?parent=31660"}],"wp:term":[{"taxonomy":"category","embeddable":true,"href":"https:\/\/radiostudiow.com.br\/site\/wp-json\/wp\/v2\/categories?post=31660"},{"taxonomy":"post_tag","embeddable":true,"href":"https:\/\/radiostudiow.com.br\/site\/wp-json\/wp\/v2\/tags?post=31660"}],"curies":[{"name":"wp","href":"https:\/\/api.w.org\/{rel}","templated":true}]}}