{"id":31669,"date":"2024-12-16T17:19:20","date_gmt":"2024-12-16T20:19:20","guid":{"rendered":"https:\/\/radiostudiow.com.br\/site\/?p=31669"},"modified":"2025-01-31T14:58:05","modified_gmt":"2025-01-31T17:58:05","slug":"descaso-e-perigos-no-trecho-da-br-476-entre-uniao-da-vitoria-e-sao-mateus-do-sul","status":"publish","type":"post","link":"https:\/\/radiostudiow.com.br\/site\/2024\/12\/16\/descaso-e-perigos-no-trecho-da-br-476-entre-uniao-da-vitoria-e-sao-mateus-do-sul\/","title":{"rendered":"Popula\u00e7\u00e3o inicia peti\u00e7\u00e3o online\u00a0por descaso e perigos no trecho da BR-476 entre Uni\u00e3o da Vit\u00f3ria e S\u00e3o Mateus do Sul"},"content":{"rendered":"\n<p>A BR-476, conhecida como Rodovia do Xisto, tem sido palco de acidentes graves que evidenciam as condi\u00e7\u00f5es cr\u00edticas do trecho entre Uni\u00e3o da Vit\u00f3ria e S\u00e3o Mateus do Sul.<\/p>\n\n\n\n<p>Na sexta-feira, 13 de dezembro de 2024, mais um grave acidente foi registrado, destacando a necessidade urgente de melhorias na infraestrutura da rodovia.<\/p>\n\n\n\n<figure class=\"wp-block-image size-full\"><img decoding=\"async\" src=\"https:\/\/radiostudiow.com.br\/site\/wp-content\/uploads\/2024\/12\/BISTRO.png\" alt=\"\" class=\"wp-image-31336\"\/><\/figure>\n\n\n\n<h2 class=\"wp-block-heading\"><strong>Um grave acidente envolvendo duas carretas foi ocasionado pelo desn\u00edvel da pista<\/strong><\/h2>\n\n\n\n<p>Segundo testemunhas, uma das carretas, carregada com toras de madeira, tombou devido \u00e0s condi\u00e7\u00f5es prec\u00e1rias do asfalto. O ve\u00edculo que vinha no sentido contr\u00e1rio colidiu com a carreta tombada, agravando a situa\u00e7\u00e3o.<\/p>\n\n\n\n<figure class=\"wp-block-image size-full\"><img loading=\"lazy\" decoding=\"async\" width=\"450\" height=\"600\" src=\"https:\/\/radiostudiow.com.br\/site\/wp-content\/uploads\/2024\/12\/image-67.png\" alt=\"\" class=\"wp-image-31670\" srcset=\"https:\/\/radiostudiow.com.br\/site\/wp-content\/uploads\/2024\/12\/image-67.png 450w, https:\/\/radiostudiow.com.br\/site\/wp-content\/uploads\/2024\/12\/image-67-225x300.png 225w\" sizes=\"auto, (max-width: 450px) 100vw, 450px\" \/><\/figure>\n\n\n\n<p>O motorista da carreta com toras, morador de Uni\u00e3o da Vit\u00f3ria, ficou gravemente ferido, sofrendo fraturas nas duas pernas.&nbsp;Ele foi resgatado ap\u00f3s uma opera\u00e7\u00e3o que levou mais de tr\u00eas horas, e est\u00e1 hospitalizado desde ent\u00e3o.<\/p>\n\n\n\n<p>O tr\u00e2nsito ficou totalmente bloqueado durante o resgate, s\u00f3 sendo liberado nas primeiras horas da madrugada de s\u00e1bado, 14.&nbsp;A situa\u00e7\u00e3o gerou grande indigna\u00e7\u00e3o, especialmente entre os familiares das v\u00edtimas e os usu\u00e1rios frequentes da rodovia.<\/p>\n\n\n\n<h2 class=\"wp-block-heading\"><strong>Clamor por provid\u00eancias: desabafo e peti\u00e7\u00e3o online<\/strong><\/h2>\n\n\n\n<p>A esposa do motorista ferido usou as redes sociais para expressar sua indigna\u00e7\u00e3o e clamar por a\u00e7\u00f5es imediatas. Em uma publica\u00e7\u00e3o que j\u00e1 est\u00e1 sendo compartilhada, ela relatou o sofrimento da fam\u00edlia e destacou que o acidente de sexta-feira foi apenas mais um entre v\u00e1rios ocorridos recentemente.<\/p>\n\n\n\n<p><em>\u201cMeu marido sofreu um acidente grave no dia 13 de dezembro de 2024 na 476, em S\u00e3o Mateus do Sul. Pois bem, quem acompanha as not\u00edcias sabe que n\u00e3o foi o \u00fanico. Uma semana antes houve outro acidente, e no dia 14, um dia ap\u00f3s o acidente do meu marido, houve outro envolvendo um caminh\u00e3o, e hoje, dia 15, outro acidente frontal entre dois carros\u201d, escreveu ela.<\/em><\/p>\n\n\n\n<figure class=\"wp-block-image size-full\"><img loading=\"lazy\" decoding=\"async\" width=\"900\" height=\"408\" src=\"https:\/\/radiostudiow.com.br\/site\/wp-content\/uploads\/2024\/09\/image-64-1.png\" alt=\"\" class=\"wp-image-28207\" srcset=\"https:\/\/radiostudiow.com.br\/site\/wp-content\/uploads\/2024\/09\/image-64-1.png 900w, https:\/\/radiostudiow.com.br\/site\/wp-content\/uploads\/2024\/09\/image-64-1-300x136.png 300w, https:\/\/radiostudiow.com.br\/site\/wp-content\/uploads\/2024\/09\/image-64-1-768x348.png 768w\" sizes=\"auto, (max-width: 900px) 100vw, 900px\" \/><\/figure>\n\n\n\n<p>Al\u00e9m de descrever o drama pessoal vivido, a esposa iniciou uma&nbsp;<a href=\"https:\/\/www.change.org\/p\/solicite-a-reconstru%C3%A7%C3%A3o-urgente-da-rodovia-br-476?recruiter=1360215085&amp;recruited_by_id=81ae4fb0-bb5a-11ef-ae10-f9151e202989&amp;utm_source=share_petition&amp;utm_campaign=petition_dashboard_share_modal&amp;utm_medium=facebook\">peti\u00e7\u00e3o online<\/a>&nbsp;pedindo a\u00e7\u00f5es urgentes das autoridades respons\u00e1veis pela manuten\u00e7\u00e3o da BR-476.&nbsp;Ela fez um apelo direto aos deputados federais e demais \u00f3rg\u00e3os competentes, ressaltando a precariedade do trecho e a falta de respostas eficazes para evitar novos acidentes.<\/p>\n\n\n\n<p><em>\u201cSer\u00e1 que v\u00e3o esperar ocorrer alguma morte para tomarem uma provid\u00eancia? Meu marido, gra\u00e7as a Deus, quebrou as duas pernas, mas poderia ter sido pior. Quem viu as fotos da cabine do caminh\u00e3o sabe do que estou falando. \u00c9 uma vergonha que uma rodovia t\u00e3o importante esteja nessa situa\u00e7\u00e3o\u201d,<\/em>&nbsp;desabafou.<\/p>\n\n\n\n<figure class=\"wp-block-image size-full\"><img loading=\"lazy\" decoding=\"async\" width=\"450\" height=\"600\" src=\"https:\/\/radiostudiow.com.br\/site\/wp-content\/uploads\/2024\/12\/image-68.png\" alt=\"\" class=\"wp-image-31671\" srcset=\"https:\/\/radiostudiow.com.br\/site\/wp-content\/uploads\/2024\/12\/image-68.png 450w, https:\/\/radiostudiow.com.br\/site\/wp-content\/uploads\/2024\/12\/image-68-225x300.png 225w\" sizes=\"auto, (max-width: 450px) 100vw, 450px\" \/><figcaption class=\"wp-element-caption\">O resgate durou aproximadamente tr\u00eas horas \u2013 cabine da carreta<br><\/figcaption><\/figure>\n\n\n\n<h2 class=\"wp-block-heading\"><strong>Impactos para caminhoneiros e sociedade<\/strong><\/h2>\n\n\n\n<p>A indigna\u00e7\u00e3o tamb\u00e9m atinge os caminhoneiros, que enfrentam diariamente os perigos de rodovias mal conservadas.&nbsp;A BR-476, por ser um eixo importante de transporte de cargas, \u00e9 fundamental para a log\u00edstica nacional, mas as m\u00e1s condi\u00e7\u00f5es do asfalto colocam em risco a vida desses trabalhadores essenciais.<\/p>\n\n\n\n<p><em>\u201cPrecisamos dos caminhoneiros para termos comida em nossas mesas e tudo dentro de casa. Tudo que usamos depende deles, mas as condi\u00e7\u00f5es das estradas est\u00e3o tornando o trabalho deles cada vez mais perigoso\u201d,<\/em>&nbsp;destacou a esposa do motorista ferido.<\/p>\n\n\n\n<figure class=\"wp-block-image size-full\"><img loading=\"lazy\" decoding=\"async\" width=\"897\" height=\"204\" src=\"https:\/\/radiostudiow.com.br\/site\/wp-content\/uploads\/2024\/11\/image-49.png\" alt=\"\" class=\"wp-image-30017\" srcset=\"https:\/\/radiostudiow.com.br\/site\/wp-content\/uploads\/2024\/11\/image-49.png 897w, https:\/\/radiostudiow.com.br\/site\/wp-content\/uploads\/2024\/11\/image-49-300x68.png 300w, https:\/\/radiostudiow.com.br\/site\/wp-content\/uploads\/2024\/11\/image-49-768x175.png 768w\" sizes=\"auto, (max-width: 897px) 100vw, 897px\" \/><\/figure>\n\n\n\n<p>Os acidentes relatados pela popula\u00e7\u00e3o refor\u00e7am a gravidade da situa\u00e7\u00e3o. Somente na \u00faltima semana, al\u00e9m da colis\u00e3o das carretas, outros tr\u00eas acidentes foram registrados no mesmo trecho da BR-476.&nbsp;A frequ\u00eancia de incidentes levanta d\u00favidas sobre a fiscaliza\u00e7\u00e3o e manuten\u00e7\u00e3o da rodovia, enquanto motoristas e moradores pedem respostas concretas.<\/p>\n\n\n\n<p>O acidente do dia 13 de dezembro e tantos outros s\u00e3o um alerta que n\u00e3o podem ser ignorado. Enquanto as autoridades n\u00e3o tomarem provid\u00eancias, a BR-476 continuar\u00e1 sendo palco de acidentes e sofrimento.&nbsp;<strong>A pergunta que fica \u00e9: at\u00e9 quando vidas ser\u00e3o colocadas em risco pela neglig\u00eancia com nossas rodovias?<\/strong><\/p>\n","protected":false},"excerpt":{"rendered":"<p>A BR-476, conhecida como Rodovia do Xisto, tem sido palco de acidentes graves que evidenciam as condi\u00e7\u00f5es cr\u00edticas do trecho entre Uni\u00e3o da Vit\u00f3ria e S\u00e3o Mateus do Sul. Na sexta-feira, 13 de dezembro de 2024, mais um grave acidente foi registrado, destacando a necessidade urgente de melhorias na infraestrutura da rodovia. Um grave acidente [&hellip;]<\/p>\n","protected":false},"author":2,"featured_media":31672,"comment_status":"open","ping_status":"open","sticky":false,"template":"","format":"standard","meta":{"footnotes":""},"categories":[185],"tags":[172],"class_list":["post-31669","post","type-post","status-publish","format-standard","has-post-thumbnail","hentry","category-regional","tag-featured"],"amp_enabled":true,"_links":{"self":[{"href":"https:\/\/radiostudiow.com.br\/site\/wp-json\/wp\/v2\/posts\/31669","targetHints":{"allow":["GET"]}}],"collection":[{"href":"https:\/\/radiostudiow.com.br\/site\/wp-json\/wp\/v2\/posts"}],"about":[{"href":"https:\/\/radiostudiow.com.br\/site\/wp-json\/wp\/v2\/types\/post"}],"author":[{"embeddable":true,"href":"https:\/\/radiostudiow.com.br\/site\/wp-json\/wp\/v2\/users\/2"}],"replies":[{"embeddable":true,"href":"https:\/\/radiostudiow.com.br\/site\/wp-json\/wp\/v2\/comments?post=31669"}],"version-history":[{"count":3,"href":"https:\/\/radiostudiow.com.br\/site\/wp-json\/wp\/v2\/posts\/31669\/revisions"}],"predecessor-version":[{"id":31765,"href":"https:\/\/radiostudiow.com.br\/site\/wp-json\/wp\/v2\/posts\/31669\/revisions\/31765"}],"wp:featuredmedia":[{"embeddable":true,"href":"https:\/\/radiostudiow.com.br\/site\/wp-json\/wp\/v2\/media\/31672"}],"wp:attachment":[{"href":"https:\/\/radiostudiow.com.br\/site\/wp-json\/wp\/v2\/media?parent=31669"}],"wp:term":[{"taxonomy":"category","embeddable":true,"href":"https:\/\/radiostudiow.com.br\/site\/wp-json\/wp\/v2\/categories?post=31669"},{"taxonomy":"post_tag","embeddable":true,"href":"https:\/\/radiostudiow.com.br\/site\/wp-json\/wp\/v2\/tags?post=31669"}],"curies":[{"name":"wp","href":"https:\/\/api.w.org\/{rel}","templated":true}]}}